{"id":1248,"date":"2013-10-10T18:10:11","date_gmt":"2013-10-10T18:10:11","guid":{"rendered":"http:\/\/barracaocultural.com.br\/?p=1248"},"modified":"2019-08-29T16:21:40","modified_gmt":"2019-08-29T16:21:40","slug":"o-tribunal-de-salomao-e-o-julgamento-das-meias-verdades-inteiras","status":"publish","type":"post","link":"http:\/\/barracaocultural.com.br\/?p=1248","title":{"rendered":"Cacoete"},"content":{"rendered":"<h2><\/h2>\n<p><a href=\"http:\/\/barracaocultural.com.br\/wp-content\/uploads\/2013\/10\/convite_100x75mm_F.jpg\"><img loading=\"lazy\" decoding=\"async\" class=\"size-medium wp-image-1905 alignleft\" src=\"http:\/\/barracaocultural.com.br\/wp-content\/uploads\/2013\/10\/convite_100x75mm_F-300x225.jpg\" alt=\"\" width=\"300\" height=\"225\" srcset=\"http:\/\/barracaocultural.com.br\/wp-content\/uploads\/2013\/10\/convite_100x75mm_F-300x225.jpg 300w, http:\/\/barracaocultural.com.br\/wp-content\/uploads\/2013\/10\/convite_100x75mm_F-768x576.jpg 768w, http:\/\/barracaocultural.com.br\/wp-content\/uploads\/2013\/10\/convite_100x75mm_F-1024x769.jpg 1024w, http:\/\/barracaocultural.com.br\/wp-content\/uploads\/2013\/10\/convite_100x75mm_F.jpg 1183w\" sizes=\"(max-width: 300px) 100vw, 300px\" \/><\/a><\/p>\n<p>&nbsp;<\/p>\n<h2><\/h2>\n<h2><\/h2>\n<h2><\/h2>\n<h2><\/h2>\n<p style=\"text-align: justify;\">Duas indica\u00e7\u00f5es ao Pr\u00eamio Femsa de Teatro 2009 \u2013 Melhor cen\u00e1rio e ator.&nbsp;Indicado ao Pr\u00eamio de Melhor espet\u00e1culo para p\u00fablico infanto juvenil, pela Cooperativa Paulista de Teatro.<\/p>\n<p style=\"text-align: justify;\">\u201cCacoete\u201d \u00e9 um espet\u00e1culo infantil baseado no livro de mesmo nome, de Eva Furnari.<\/p>\n<p style=\"text-align: justify;\">Na hist\u00f3ria, os h\u00e1bitos e costumes dos moradores de uma cidade \u2013 Cacoete \u2013 passar\u00e3o por uma grande mudan\u00e7a depois das aventuras de Frido \u00e0 procura de uma ma\u00e7\u00e3 para presentear sua professora. Neste caminho, Frido encontra uma bruxa que ir\u00e1 mudar todo o rumo da hist\u00f3ria.<\/p>\n<p style=\"text-align: justify;\">\u201cCacoete\u201d mostra a transforma\u00e7\u00e3o ocorrida em uma cidade, a princ\u00edpio t\u00e3o organizada e previs\u00edvel, a partir de um fato inesperado. Como lidar com o novo, sair do lugar comum, enfrentar situa\u00e7\u00f5es diferentes das costumeiras, tudo isto \u00e9 mostrado de forma muito criativa e divertida, em uma linguagem de f\u00e1cil acesso para o p\u00fablico infantil. Frido, uma crian\u00e7a como outra qualquer, que nasceu e est\u00e1 crescendo de acordo com as regras pr\u00e9-estabelecidas em Cacoete, um dia se v\u00ea diante de uma situa\u00e7\u00e3o inesperada e a necessidade de ter que continuar cumprindo as regras, aliada \u00e0 sua curiosidade e esp\u00edrito de aventura, comuns a todas as crian\u00e7as, fazem Frido viver uma aventura maravilhosa e transformadora.<\/p>\n<p style=\"text-align: justify;\"><strong>FICHA T\u00c9CNICA<\/strong><\/p>\n<p style=\"text-align: justify;\">Adapta\u00e7\u00e3o &#8211; Eloisa Elena<\/p>\n<p style=\"text-align: justify;\">Dire\u00e7\u00e3o &#8211; Heitor Goldflus<\/p>\n<p style=\"text-align: justify;\">Elenco &#8211; Eloisa Elena ,&nbsp;Cl\u00e1udio Queiroz e Thiago Andreuccetti<\/p>\n<p style=\"text-align: justify;\">Figurinos &#8211; Marichilene Artisevskis<\/p>\n<p style=\"text-align: justify;\">Dire\u00e7\u00e3o musical &#8211; Dr Morris<\/p>\n<p style=\"text-align: justify;\">Cen\u00e1rios e Adere\u00e7os &#8211; Sidnei Caria<\/p>\n<p style=\"text-align: justify;\">Ilumina\u00e7\u00e3o &#8211; Marisa Bentivegna<\/p>\n<p style=\"text-align: justify;\">Coordena\u00e7\u00e3o T\u00e9cnica &#8211; Maur\u00edcio Mateus<\/p>\n<p style=\"text-align: justify;\">Produ\u00e7\u00e3o &#8211; Barrac\u00e3o Cultural<\/p>\n<p style=\"text-align: justify;\">Dura\u00e7\u00e3o \u2013 60&nbsp;minutos<\/p>\n<p style=\"text-align: justify;\">Livre para todos os p\u00fablicos<\/p>\n<h2 style=\"text-align: justify;\">&#8220;O Tribunal de Salom\u00e3o E O Julgamento Das Meias-Verdades Inteiras&#8221;<\/h2>\n<p style=\"text-align: justify;\"><a href=\"http:\/\/barracaocultural.com.br\/wp-content\/uploads\/2013\/10\/Foto-Joao-Caldas_9700.jpg\"><img loading=\"lazy\" decoding=\"async\" class=\"alignnone size-medium wp-image-1253\" src=\"http:\/\/barracaocultural.com.br\/wp-content\/uploads\/2013\/10\/Foto-Joao-Caldas_9700-300x199.jpg\" alt=\"Do Barrac\u008bo para a RUA 1\" width=\"305\" height=\"203\" srcset=\"http:\/\/barracaocultural.com.br\/wp-content\/uploads\/2013\/10\/Foto-Joao-Caldas_9700-300x199.jpg 300w, http:\/\/barracaocultural.com.br\/wp-content\/uploads\/2013\/10\/Foto-Joao-Caldas_9700-1024x682.jpg 1024w\" sizes=\"(max-width: 305px) 100vw, 305px\" \/><\/a><\/p>\n<p style=\"text-align: justify;\">\u201cO Tribunal de Salom\u00e3o&#8230;\u201d \u00e9 vencedor do Pr\u00eamio Coca-Cola Femsa 2012&nbsp; de Melhor Produ\u00e7\u00e3o e foi indicado em 11 categorias do referido pr\u00eamio no 1\u00ba. Semestre de 2011, incluindo melhor espet\u00e1culo, texto, dire\u00e7\u00e3o, entre outros. Indicado ao Pr\u00eamio Cooperativa Paulista de Teatro,&nbsp; Melhor espet\u00e1culo para p\u00fablico juvenil.<\/p>\n<p style=\"text-align: justify;\"><b>SINOPSE: <\/b>Em uma pra\u00e7a p\u00fablica, dois artistas preparam a apresenta\u00e7\u00e3o do espet\u00e1culo no qual investiram suas \u00faltimas economias: um tribunal presidido pelo pr\u00f3prio s\u00e1bio Salom\u00e3o, auxiliado pela deusa da Justi\u00e7a. Mas no momento em que a encena\u00e7\u00e3o do julgamento das verdades est\u00e1 para come\u00e7ar, o espa\u00e7o da representa\u00e7\u00e3o \u00e9 invadido por tr\u00eas pessoas envolvidas numa disputa por um frasco contendo algo misterioso. Tomando aquela encena\u00e7\u00e3o como verdade, os tr\u00eas recorrem a justi\u00e7a de Salom\u00e3o para resolverem sua grande causa: qual deles teria o real direito \u00e0 posse do objeto. Os Artistas, vendo naquela confus\u00e3o um material mais atraente do que a pe\u00e7a que tinham preparado, abrem a sess\u00e3o onde cada um dos envolvidos contar\u00e1 a sua vers\u00e3o dos acontecimentos. Ap\u00f3s cada um defender seu ponto de vista, um tribunal popular \u00e9 estabelecido onde n\u00e3o s\u00f3 o direito \u00e0 posse ser\u00e1 decidido, como o pr\u00f3prio conceito de \u201cverdade\u201d ser\u00e1 colocado em xeque. Permeado de refer\u00eancias medievais e mitos populares, o espet\u00e1culo faz uma reflex\u00e3o bem humorada do que de fato \u00e9 a \u201cverdade\u201d e dos diversos pontos de vista sobre um mesmo fato.<\/p>\n<p style=\"text-align: justify;\"><b>FICHA T\u00c9CNICA<\/b><\/p>\n<p style=\"text-align: justify;\">Dramaturgia: Paulo Rog\u00e9rio Lopes<\/p>\n<p style=\"text-align: justify;\">Dire\u00e7\u00e3o: Cuca Bolaffi<\/p>\n<p style=\"text-align: justify;\">Elenco: Eloisa Elena, Cl\u00e1udio Queiroz e Thiago Andreuccetti, F\u00e1bio Ferreti e Alexandre Maldonado<\/p>\n<p style=\"text-align: justify;\">Dire\u00e7\u00e3o Musical e Trilha sonora: Dr Morris<\/p>\n<p style=\"text-align: justify;\">Cen\u00e1rio e Figurinos: Marco Lima<\/p>\n<p style=\"text-align: justify;\">Ilumina\u00e7\u00e3o: Marisa Bentivegna<\/p>\n<p style=\"text-align: justify;\">Produ\u00e7\u00e3o e Realiza\u00e7\u00e3o: Barrac\u00e3o Cultural<\/p>\n<p style=\"text-align: justify;\">Dura\u00e7\u00e3o \u2013 55 minutos<\/p>\n<p style=\"text-align: justify;\">Livre para todos os p\u00fablicos<\/p>\n","protected":false},"excerpt":{"rendered":"<p>&nbsp; Duas indica\u00e7\u00f5es ao Pr\u00eamio Femsa de Teatro 2009 \u2013 Melhor cen\u00e1rio e ator.&nbsp;Indicado ao Pr\u00eamio de Melhor espet\u00e1culo para p\u00fablico infanto juvenil, pela Cooperativa Paulista de Teatro. \u201cCacoete\u201d \u00e9 um espet\u00e1culo infantil baseado no livro de mesmo nome, de Eva Furnari. Na hist\u00f3ria, os h\u00e1bitos e costumes dos moradores de uma cidade \u2013 Cacoete [&hellip;]<\/p>\n","protected":false},"author":1,"featured_media":1253,"comment_status":"open","ping_status":"open","sticky":false,"template":"","format":"standard","meta":{"footnotes":""},"categories":[5],"tags":[9],"class_list":["post-1248","post","type-post","status-publish","format-standard","has-post-thumbnail","hentry","category-trabalhos-realizados","tag-teatro"],"aioseo_notices":[],"_links":{"self":[{"href":"http:\/\/barracaocultural.com.br\/index.php?rest_route=\/wp\/v2\/posts\/1248"}],"collection":[{"href":"http:\/\/barracaocultural.com.br\/index.php?rest_route=\/wp\/v2\/posts"}],"about":[{"href":"http:\/\/barracaocultural.com.br\/index.php?rest_route=\/wp\/v2\/types\/post"}],"author":[{"embeddable":true,"href":"http:\/\/barracaocultural.com.br\/index.php?rest_route=\/wp\/v2\/users\/1"}],"replies":[{"embeddable":true,"href":"http:\/\/barracaocultural.com.br\/index.php?rest_route=%2Fwp%2Fv2%2Fcomments&post=1248"}],"version-history":[{"count":8,"href":"http:\/\/barracaocultural.com.br\/index.php?rest_route=\/wp\/v2\/posts\/1248\/revisions"}],"predecessor-version":[{"id":2181,"href":"http:\/\/barracaocultural.com.br\/index.php?rest_route=\/wp\/v2\/posts\/1248\/revisions\/2181"}],"wp:featuredmedia":[{"embeddable":true,"href":"http:\/\/barracaocultural.com.br\/index.php?rest_route=\/wp\/v2\/media\/1253"}],"wp:attachment":[{"href":"http:\/\/barracaocultural.com.br\/index.php?rest_route=%2Fwp%2Fv2%2Fmedia&parent=1248"}],"wp:term":[{"taxonomy":"category","embeddable":true,"href":"http:\/\/barracaocultural.com.br\/index.php?rest_route=%2Fwp%2Fv2%2Fcategories&post=1248"},{"taxonomy":"post_tag","embeddable":true,"href":"http:\/\/barracaocultural.com.br\/index.php?rest_route=%2Fwp%2Fv2%2Ftags&post=1248"}],"curies":[{"name":"wp","href":"https:\/\/api.w.org\/{rel}","templated":true}]}}