{"id":105,"date":"2010-06-17T21:58:31","date_gmt":"2010-06-18T00:58:31","guid":{"rendered":"http:\/\/barracaocultural.com.br\/?p=105"},"modified":"2023-05-04T14:32:46","modified_gmt":"2023-05-04T14:32:46","slug":"principais-realizacoes-no-teatro","status":"publish","type":"post","link":"https:\/\/barracaocultural.com.br\/?p=105","title":{"rendered":"Principais realiza\u00e7\u00f5es no teatro"},"content":{"rendered":"<p><strong>&#8220;O passarinho que n\u00e3o sabia voar&#8221; (21\/maio\/2023) <\/strong><\/p>\n<p>Texto: Eloisa Elena<\/p>\n<p>Dire\u00e7\u00e3o: Tha\u00eds Medeiros<\/p>\n<p><strong>&#8220;Jogo de imaginar &#8220;(2022) <\/strong><\/p>\n<p>Texto: Lucas Moura<\/p>\n<p>Dire\u00e7\u00e3o: Tha\u00eds Medeiros<\/p>\n<p><strong>&#8220;Um arco-\u00edris colorindo o c\u00e9u&#8221; (2022) <\/strong><\/p>\n<p>Texto: Eloisa Elena<\/p>\n<p>Dire\u00e7\u00e3o: Carlos Gradim e Murillo Basso<\/p>\n<p><strong>&#8220;L\u00e1 No Fundo Do Peito&#8221; (#online2021)<\/strong><\/p>\n<p>Leitura do livro de Mauro Martins &#8211; Narra\u00e7\u00e3o: Eloisa Elena<\/p>\n<p><strong>&#8220;Contos de Quarentena&#8221; (#online2021)<\/strong><\/p>\n<p>Autora dos textos: Eloisa Elena<\/p>\n<p><strong>&#8220;Rumboldo&#8221; (#online 2020)<\/strong><\/p>\n<p>Adapta\u00e7\u00e3o e dire\u00e7\u00e3o: Eloisa Elena<\/p>\n<p><strong>&#8220;O passarinho que n\u00e3o sabia voar&#8221; (#online 2020) <\/strong><\/p>\n<p>Texto: Eloisa Elena<\/p>\n<p>Dire\u00e7\u00e3o: Tha\u00eds Medeiros<\/p>\n<p><strong>\u00a0<\/strong><strong>\u201cN\u00d3S\u201d \u2013 (2019)<\/strong><\/p>\n<p>Adapta\u00e7\u00e3o de S\u00e9rgio Pires para o livro de Eva Furnari.<\/p>\n<p>Dire\u00e7\u00e3o: Cris Lozano<\/p>\n<p><strong>\u00a0<\/strong><strong>\u201cEntre\u201d \u2013 (2019)<\/strong><\/p>\n<p>Texto: Eloisa Elena<\/p>\n<p>Dire\u00e7\u00e3o: Yara de Novaes e Carlos Gradim<\/p>\n<p><span style=\"color: #000000;\"><strong>&#8220;On Love&#8221;<\/strong><\/span><\/p>\n<p>Texto: Mick Gordon<\/p>\n<p>Dire\u00e7\u00e3o: Francisco Medeiros<\/p>\n<p>Estreou em julho de 2017<\/p>\n<p><strong>\u201cJ\u00e1 Pra Cama!\u201d<\/strong><\/p>\n<p>Argumento: Eloisa Elena e Dr Morris<\/p>\n<p>Dire\u00e7\u00e3o Fernando Escrich<\/p>\n<p>Estreou em outubro de 2015<\/p>\n<p><strong>&#8220;A Condessa e o Bandoleiro&#8221;<\/strong><\/p>\n<p>Texto Angelo Brandini<\/p>\n<p>Dire\u00e7\u00e3o Fernando Escrich<\/p>\n<p>Estreou em maio de 2014<\/p>\n<p><strong>\u201cFacas nas Galinhas\u201d<\/strong><\/p>\n<p>Texto David Harrower<\/p>\n<p>Dire\u00e7\u00e3o Francisco Medeiros<\/p>\n<p>Estreou em junho de 2012<\/p>\n<p><strong>\u201cO Tribunal de Salom\u00e3o e o julgamento das meias-verdades inteiras\u201d<\/strong><\/p>\n<p>Texto Paulo Rog\u00e9rio Lopes<\/p>\n<p>Dire\u00e7\u00e3o Cuca Bolaffi<\/p>\n<p>Estreou em abril de 2011<\/p>\n<p><strong>\u201cCacoete\u201d<\/strong><\/p>\n<p>Adapta\u00e7\u00e3o de Eloisa Elena para o livro de Eva Furnari.<\/p>\n<p>Dire\u00e7\u00e3o Heitor Goldflus.<\/p>\n<p>Estreou em cartaz abril de 2009<\/p>\n<p><strong>\u201cA Mulher que Ri\u201d<\/strong><\/p>\n<p>Texto de Paulo Santoro<\/p>\n<p>Dire\u00e7\u00e3o Yara de Novaes.<\/p>\n<p>Estreou em outubro de 2008<\/p>\n<p><strong>\u201cConvite para Jantar\u201d<\/strong><\/p>\n<p>Teatro F\u00e1brica S\u00e3o Paulo<\/p>\n<p>Estreou em maio de 2007.<\/p>\n<p><strong>\u201cUm Destino para Julieta e Romeu\u201d<\/strong><\/p>\n<p>Estreou em julho de 2005.<\/p>\n<p><strong>\u201cCaixa M\u00e1gica\u201d<\/strong><\/p>\n<p>Em cartaz desde maio de 2004.<\/p>\n<p><strong>\u201cAs Roupas do Rei\u201d<\/strong><\/p>\n<p>Estreou em outubro de 2002.<\/p>\n<p>Cumpriu temporada em S\u00e3o Paulo e circulou por diversas cidades do interior do Estado.<\/p>\n","protected":false},"excerpt":{"rendered":"<p>&#8220;O passarinho que n\u00e3o sabia voar&#8221; (21\/maio\/2023) Texto: Eloisa Elena Dire\u00e7\u00e3o: Tha\u00eds Medeiros &#8220;Jogo de imaginar &#8220;(2022) Texto: Lucas Moura Dire\u00e7\u00e3o: Tha\u00eds Medeiros &#8220;Um arco-\u00edris colorindo o c\u00e9u&#8221; (2022) Texto: Eloisa Elena Dire\u00e7\u00e3o: Carlos Gradim e Murillo Basso &#8220;L\u00e1 No Fundo Do Peito&#8221; (#online2021) Leitura do livro de Mauro Martins &#8211; Narra\u00e7\u00e3o: Eloisa Elena &#8220;Contos [&hellip;]<\/p>\n","protected":false},"author":1,"featured_media":0,"comment_status":"open","ping_status":"open","sticky":false,"template":"","format":"standard","meta":{"footnotes":""},"categories":[1],"tags":[],"class_list":["post-105","post","type-post","status-publish","format-standard","hentry","category-sem-categoria"],"aioseo_notices":[],"_links":{"self":[{"href":"https:\/\/barracaocultural.com.br\/index.php?rest_route=\/wp\/v2\/posts\/105"}],"collection":[{"href":"https:\/\/barracaocultural.com.br\/index.php?rest_route=\/wp\/v2\/posts"}],"about":[{"href":"https:\/\/barracaocultural.com.br\/index.php?rest_route=\/wp\/v2\/types\/post"}],"author":[{"embeddable":true,"href":"https:\/\/barracaocultural.com.br\/index.php?rest_route=\/wp\/v2\/users\/1"}],"replies":[{"embeddable":true,"href":"https:\/\/barracaocultural.com.br\/index.php?rest_route=%2Fwp%2Fv2%2Fcomments&post=105"}],"version-history":[{"count":9,"href":"https:\/\/barracaocultural.com.br\/index.php?rest_route=\/wp\/v2\/posts\/105\/revisions"}],"predecessor-version":[{"id":2234,"href":"https:\/\/barracaocultural.com.br\/index.php?rest_route=\/wp\/v2\/posts\/105\/revisions\/2234"}],"wp:attachment":[{"href":"https:\/\/barracaocultural.com.br\/index.php?rest_route=%2Fwp%2Fv2%2Fmedia&parent=105"}],"wp:term":[{"taxonomy":"category","embeddable":true,"href":"https:\/\/barracaocultural.com.br\/index.php?rest_route=%2Fwp%2Fv2%2Fcategories&post=105"},{"taxonomy":"post_tag","embeddable":true,"href":"https:\/\/barracaocultural.com.br\/index.php?rest_route=%2Fwp%2Fv2%2Ftags&post=105"}],"curies":[{"name":"wp","href":"https:\/\/api.w.org\/{rel}","templated":true}]}}