{"id":107,"date":"2010-06-17T22:00:00","date_gmt":"2010-06-18T01:00:00","guid":{"rendered":"http:\/\/barracaocultural.com.br\/?p=107"},"modified":"2023-05-04T14:35:12","modified_gmt":"2023-05-04T14:35:12","slug":"barracao-cultural","status":"publish","type":"post","link":"https:\/\/barracaocultural.com.br\/?p=107","title":{"rendered":"Barrac\u00e3o Cultural"},"content":{"rendered":"<p style=\"text-align: justify;\">Somos um n\u00facleo de cria\u00e7\u00e3o e produ\u00e7\u00e3o, criado em 2001 pela atriz e produtora Eloisa Elena e o m\u00fasico e produtor Dr Morris, para viabilizar projetos e desejos art\u00edsticos pr\u00f3prios e autorais. Ao longo destes anos v\u00e1rios outros profissionais se juntaram a equipe da Barrac\u00e3o, constituindo um n\u00facleo de trabalho permanente que conta com diferentes espet\u00e1culos em repert\u00f3rio.<\/p>\n<p style=\"text-align: justify;\">A cada novo projeto damos in\u00edcio a um processo de cria\u00e7\u00e3o e pesquisa, buscando refer\u00eancias m\u00faltiplas, que atendam as necessidades espec\u00edficas dos\u00a0trabalhos. Acreditamos em uma forma de atua\u00e7\u00e3o onde cada artista tenha um espa\u00e7o efetivo de cria\u00e7\u00e3o e compartilhe do processo como um todo.<\/p>\n<p style=\"text-align: justify;\">Somos respons\u00e1veis pela realiza\u00e7\u00e3o de espet\u00e1culos teatrais, como &#8220;O passarinho que n\u00e3o sabia voar <strong>&#8220;, <\/strong><strong>&#8220;<\/strong>Jogo de imaginar&#8221;,\u00a0<strong> &#8216;<\/strong>Um arco-\u00edris colorindo o c\u00e9u&#8221;, &#8220;ENTRE&#8221;, &#8220;N\u00d3S&#8221;, &#8220;On Love&#8221;, \u201cJ\u00e1 Pra Cama!\u201d, \u201cA Condessa e o Bandoleiro\u201d, \u201cFacas nas Galinhas\u201d, \u201cO Tribunal de Salom\u00e3o e o julgamento das meias-verdades inteiras\u201d, \u201cA Mulher que Ri\u201d, \u201cCacoete\u201d, \u201cUm Destino para Julieta e Romeu\u201d, \u201cCaixa M\u00e1gica\u201d e \u201cConvite para Jantar\u201d \u00a0e projetos musicais, como o &#8220;1\u00ba Festanza&#8221; em parceria com a Mamberti Produ\u00e7\u00f5es, CD \u201cUrbanda\u201d, \u201cUm Sopro de Brasil\u201d \u00a0e o CD \u201c5\u2033, do Dr Morris.<\/p>\n<p style=\"text-align: justify;\">\n","protected":false},"excerpt":{"rendered":"<p>Somos um n\u00facleo de cria\u00e7\u00e3o e produ\u00e7\u00e3o, criado em 2001 pela atriz e produtora Eloisa Elena e o m\u00fasico e produtor Dr Morris, para viabilizar projetos e desejos art\u00edsticos pr\u00f3prios e autorais. Ao longo destes anos v\u00e1rios outros profissionais se juntaram a equipe da Barrac\u00e3o, constituindo um n\u00facleo de trabalho permanente que conta com diferentes [&hellip;]<\/p>\n","protected":false},"author":1,"featured_media":0,"comment_status":"open","ping_status":"open","sticky":false,"template":"","format":"standard","meta":{"footnotes":""},"categories":[1],"tags":[],"class_list":["post-107","post","type-post","status-publish","format-standard","hentry","category-sem-categoria"],"aioseo_notices":[],"_links":{"self":[{"href":"https:\/\/barracaocultural.com.br\/index.php?rest_route=\/wp\/v2\/posts\/107"}],"collection":[{"href":"https:\/\/barracaocultural.com.br\/index.php?rest_route=\/wp\/v2\/posts"}],"about":[{"href":"https:\/\/barracaocultural.com.br\/index.php?rest_route=\/wp\/v2\/types\/post"}],"author":[{"embeddable":true,"href":"https:\/\/barracaocultural.com.br\/index.php?rest_route=\/wp\/v2\/users\/1"}],"replies":[{"embeddable":true,"href":"https:\/\/barracaocultural.com.br\/index.php?rest_route=%2Fwp%2Fv2%2Fcomments&post=107"}],"version-history":[{"count":25,"href":"https:\/\/barracaocultural.com.br\/index.php?rest_route=\/wp\/v2\/posts\/107\/revisions"}],"predecessor-version":[{"id":2236,"href":"https:\/\/barracaocultural.com.br\/index.php?rest_route=\/wp\/v2\/posts\/107\/revisions\/2236"}],"wp:attachment":[{"href":"https:\/\/barracaocultural.com.br\/index.php?rest_route=%2Fwp%2Fv2%2Fmedia&parent=107"}],"wp:term":[{"taxonomy":"category","embeddable":true,"href":"https:\/\/barracaocultural.com.br\/index.php?rest_route=%2Fwp%2Fv2%2Fcategories&post=107"},{"taxonomy":"post_tag","embeddable":true,"href":"https:\/\/barracaocultural.com.br\/index.php?rest_route=%2Fwp%2Fv2%2Ftags&post=107"}],"curies":[{"name":"wp","href":"https:\/\/api.w.org\/{rel}","templated":true}]}}