{"id":1361,"date":"2013-10-28T16:46:41","date_gmt":"2013-10-28T16:46:41","guid":{"rendered":"http:\/\/barracaocultural.com.br\/?p=1361"},"modified":"2017-02-10T18:21:50","modified_gmt":"2017-02-10T18:21:50","slug":"o-tribunal-de-salomao-e-o-julgamento-das-meias-verdades-inteiras-2","status":"publish","type":"post","link":"https:\/\/barracaocultural.com.br\/?p=1361","title":{"rendered":"&#8220;O Tribunal de Salom\u00e3o e o Julgamento das Meias-Verdades Inteiras&#8221;"},"content":{"rendered":"<p><a href=\"http:\/\/barracaocultural.com.br\/wp-content\/uploads\/2013\/10\/Foto-Joao-Caldas_5831.jpg\"><img loading=\"lazy\" decoding=\"async\" class=\"alignnone size-medium wp-image-1362\" src=\"http:\/\/barracaocultural.com.br\/wp-content\/uploads\/2013\/10\/Foto-Joao-Caldas_5831-300x220.jpg\" alt=\"O TRIBUNAL de Salom\u00e3o\" width=\"322\" height=\"246\" \/><\/a><\/p>\n<p>Ganhador Pr\u00eamio Femsa \u2013 Melhor Produ\u00e7\u00e3o 2011.<\/p>\n<p>Indicado em 10 categorias \u2013 Pr\u00eamio Femsa\/1\u00ba. Semestre de 2011 .<\/p>\n<p>Indicado ao Pr\u00eamio CPT \u2013 Melhor espet\u00e1culo para p\u00fablico infanto juvenil.<\/p>\n<p>Participa\u00e7\u00e3o: Virada Cultural de S\u00e3o Paulo 2012<\/p>\n<p>Elenco:\u00a0 Eloisa Elena, Claudio Queiroz, Thiago Andreuccetti, \u00a0F\u00e1bio Ferretti e Alexandre Maldonado.<\/p>\n<p>Dramaturgia: Paulo Rog\u00e9rio Lopes<\/p>\n<p>Dire\u00e7\u00e3o: Cuca Bolaffi<\/p>\n<p>&nbsp;<\/p>\n<p>&nbsp;<\/p>\n<h1><span style=\"color: #ff6600;\">&#8220;CACOETE&#8221;<\/span><\/h1>\n<p><a href=\"http:\/\/barracaocultural.com.br\/wp-content\/uploads\/2013\/10\/convite_100x75mm_F.jpg\"><img loading=\"lazy\" decoding=\"async\" class=\"alignnone size-medium wp-image-1905\" src=\"http:\/\/barracaocultural.com.br\/wp-content\/uploads\/2013\/10\/convite_100x75mm_F-300x225.jpg\" alt=\"\" width=\"300\" height=\"225\" srcset=\"https:\/\/barracaocultural.com.br\/wp-content\/uploads\/2013\/10\/convite_100x75mm_F-300x225.jpg 300w, https:\/\/barracaocultural.com.br\/wp-content\/uploads\/2013\/10\/convite_100x75mm_F-768x576.jpg 768w, https:\/\/barracaocultural.com.br\/wp-content\/uploads\/2013\/10\/convite_100x75mm_F-1024x769.jpg 1024w, https:\/\/barracaocultural.com.br\/wp-content\/uploads\/2013\/10\/convite_100x75mm_F.jpg 1183w\" sizes=\"(max-width: 300px) 100vw, 300px\" \/><\/a><\/p>\n<p>&nbsp;<\/p>\n<p><strong>Duas indica\u00e7\u00f5es ao Pr\u00eamio Femsa de Teatro 2009 \u2013 Melhor cen\u00e1rio e ator.\u00a0<\/strong><\/p>\n<p><strong>Indicado ao Pr\u00eamio de Melhor espet\u00e1culo para p\u00fablico infanto juvenil, pela Cooperativa Paulista de Teatro.<\/strong><\/p>\n<p>\u201cCacoete\u201d \u00e9 um espet\u00e1culo infantil baseado no livro de mesmo nome, de Eva Furnari.<\/p>\n<p>O espet\u00e1culo\u00a0estreou em abril de 2009, no Teatro Alfa, cumpriu temporada no Teatro Jo\u00e3o Caetano, SESC Santo Andr\u00e9 e Vila Mariana, Espa\u00e7o da Cia do Feij\u00e3o e circulou por CEUs e 17 cidades do interior do Estado.<\/p>\n<p>Foi o espet\u00e1culo infantil convidado para a 5\u00aa. Mostra de Refer\u00eancias Teatrais de Suzano e integrou a Viagem Teatral Sesi 2010, se apresentando em 14 cidades do interior de S\u00e3o Paulo.<\/p>\n<p>O espet\u00e1culo foi\u00a0recomendado no Guia do Estad\u00e3o, recebeu\u00a03 estrelas no Guia da Folha e Revista Veja. Recebeu 2 indica\u00e7\u00f5es ao \u201cPr\u00eamio Pananco\u201d.<\/p>\n<p>&nbsp;<\/p>\n<p>Adapta\u00e7\u00e3o \u2013 Eloisa Elena<\/p>\n<p>Dire\u00e7\u00e3o \u2013 Heitor Goldflus<\/p>\n<p>Elenco \u2013 Eloisa Elena ,\u00a0Cl\u00e1udio Queiroz e Thiago Andreuccetti<\/p>\n<p>&nbsp;<\/p>\n","protected":false},"excerpt":{"rendered":"<p>Ganhador Pr\u00eamio Femsa \u2013 Melhor Produ\u00e7\u00e3o 2011. Indicado em 10 categorias \u2013 Pr\u00eamio Femsa\/1\u00ba. Semestre de 2011 . Indicado ao Pr\u00eamio CPT \u2013 Melhor espet\u00e1culo para p\u00fablico infanto juvenil. Participa\u00e7\u00e3o: Virada Cultural de S\u00e3o Paulo 2012 Elenco:\u00a0 Eloisa Elena, Claudio Queiroz, Thiago Andreuccetti, \u00a0F\u00e1bio Ferretti e Alexandre Maldonado. Dramaturgia: Paulo Rog\u00e9rio Lopes Dire\u00e7\u00e3o: Cuca Bolaffi [&hellip;]<\/p>\n","protected":false},"author":1,"featured_media":1362,"comment_status":"open","ping_status":"open","sticky":false,"template":"","format":"standard","meta":{"footnotes":""},"categories":[5],"tags":[9],"class_list":["post-1361","post","type-post","status-publish","format-standard","has-post-thumbnail","hentry","category-trabalhos-realizados","tag-teatro"],"aioseo_notices":[],"_links":{"self":[{"href":"https:\/\/barracaocultural.com.br\/index.php?rest_route=\/wp\/v2\/posts\/1361"}],"collection":[{"href":"https:\/\/barracaocultural.com.br\/index.php?rest_route=\/wp\/v2\/posts"}],"about":[{"href":"https:\/\/barracaocultural.com.br\/index.php?rest_route=\/wp\/v2\/types\/post"}],"author":[{"embeddable":true,"href":"https:\/\/barracaocultural.com.br\/index.php?rest_route=\/wp\/v2\/users\/1"}],"replies":[{"embeddable":true,"href":"https:\/\/barracaocultural.com.br\/index.php?rest_route=%2Fwp%2Fv2%2Fcomments&post=1361"}],"version-history":[{"count":5,"href":"https:\/\/barracaocultural.com.br\/index.php?rest_route=\/wp\/v2\/posts\/1361\/revisions"}],"predecessor-version":[{"id":1364,"href":"https:\/\/barracaocultural.com.br\/index.php?rest_route=\/wp\/v2\/posts\/1361\/revisions\/1364"}],"wp:featuredmedia":[{"embeddable":true,"href":"https:\/\/barracaocultural.com.br\/index.php?rest_route=\/wp\/v2\/media\/1362"}],"wp:attachment":[{"href":"https:\/\/barracaocultural.com.br\/index.php?rest_route=%2Fwp%2Fv2%2Fmedia&parent=1361"}],"wp:term":[{"taxonomy":"category","embeddable":true,"href":"https:\/\/barracaocultural.com.br\/index.php?rest_route=%2Fwp%2Fv2%2Fcategories&post=1361"},{"taxonomy":"post_tag","embeddable":true,"href":"https:\/\/barracaocultural.com.br\/index.php?rest_route=%2Fwp%2Fv2%2Ftags&post=1361"}],"curies":[{"name":"wp","href":"https:\/\/api.w.org\/{rel}","templated":true}]}}