{"id":1397,"date":"2014-04-08T13:02:24","date_gmt":"2014-04-08T13:02:24","guid":{"rendered":"http:\/\/barracaocultural.com.br\/?p=1397"},"modified":"2015-12-02T14:21:02","modified_gmt":"2015-12-02T14:21:02","slug":"circulacao-barracao-cultural-edital-proac-122013","status":"publish","type":"post","link":"https:\/\/barracaocultural.com.br\/?p=1397","title":{"rendered":"Circula\u00e7\u00e3o Barrac\u00e3o Cultural &#8211; Edital ProAC 12\/2013"},"content":{"rendered":"<p><a href=\"http:\/\/barracaocultural.com.br\/wp-content\/uploads\/2014\/04\/logo-circuito.jpg\"><img loading=\"lazy\" decoding=\"async\" class=\"alignnone size-medium wp-image-1755\" src=\"http:\/\/barracaocultural.com.br\/wp-content\/uploads\/2014\/04\/logo-circuito-300x97.jpg\" alt=\"logo circuito\" width=\"300\" height=\"97\" srcset=\"https:\/\/barracaocultural.com.br\/wp-content\/uploads\/2014\/04\/logo-circuito-300x97.jpg 300w, https:\/\/barracaocultural.com.br\/wp-content\/uploads\/2014\/04\/logo-circuito-1024x332.jpg 1024w\" sizes=\"(max-width: 300px) 100vw, 300px\" \/><\/a><\/p>\n<p><b>\u00a0\u201cFacas Nas Galinhas\u201d<\/b><\/p>\n<p><b>LOCAL<\/b>:\u00a0 TEATRO WILMA BERTELLI \u2013 Rua Miguel Aby-Azar, 156 \u2013 Centro \u2013<b> <\/b>Registro\/SP<\/p>\n<p><b>DATA:\u00a0<\/b>26\/04\/14 as 21h<b><\/b><\/p>\n<p><b>\u00a0<\/b><\/p>\n<p><b>\u201cO Tribunal de Salom\u00e3o e o Julgamento das Meias-Verdades Inteiras\u201d<\/b><\/p>\n<p><b>LOCAL:\u00a0 <\/b>PRA\u00c7A BEIRA RIO \u2013 Registro \/SP<b><\/b><\/p>\n<p><b>DATA:\u00a0 <\/b>27\/04\/14 as 16h<\/p>\n<p><b>\u00a0\u00a0\u00a0\u00a0\u00a0\u00a0\u00a0\u00a0\u00a0\u00a0\u00a0\u00a0\u00a0\u00a0\u00a0 <\/b><\/p>\n<p><b>\u201cO Tribunal de Salom\u00e3o e o Julgamento das Meias-Verdades Inteiras\u201d<\/b><\/p>\n<p><b>LOCAL:\u00a0 <\/b>Pra\u00e7a da Bandeira S\/N \u2013 Itatiba\/SP<\/p>\n<p><b>DATA:\u00a0 <\/b>03\/05\/14 as 16h<\/p>\n<p><b>\u00a0<\/b><\/p>\n<p><b>\u201cFacas Nas Galinhas\u201d<\/b><\/p>\n<p><b>LOCAL<\/b>:\u00a0 Teatro Ralino Zambotto\u00a0 -Rua Romeu Augusto Rela, 1100 \u2013 Itatiba\/SP<\/p>\n<p><b>DATA:\u00a0 <\/b>04\/05\/14 as 19h<\/p>\n<p>&nbsp;<\/p>\n<p><b>\u201cFacas Nas Galinhas\u201d<\/b><\/p>\n<p><b>LOCAL<\/b>:\u00a0 Teatro S\u00e3o Joaquim &#8211; Rua Dom Bosco, 284 \u2013 Centro \u2013 Lorena\/SP<\/p>\n<p><b>DATA<\/b>:\u00a0 17\/05\/14 as 20h30<b><\/b><\/p>\n<p><b>\u00a0<\/b><\/p>\n<p><b>\u201cO Tribunal de Salom\u00e3o e o Julgamento das Meias-Verdades Inteiras\u201d<\/b><\/p>\n<p><b>LOCAL:\u00a0 <\/b>Pra\u00e7a Arnolfo Azevedo S\/N \u2013 Lorena \/SP<\/p>\n<p><b>DATA:\u00a0 <\/b>18\/05\/14\u00a0 as 18h30<\/p>\n<p>&nbsp;<\/p>\n<p><b>\u201cO Tribunal de Salom\u00e3o e o Julgamento das Meias-Verdades Inteiras\u201d<\/b><\/p>\n<p><b>LOCAL:\u00a0 <\/b>Pra\u00e7a Coronel Julio de Moura Negr\u00e3o, s\/n\u00ba &#8211; Ilhabela \/SP<\/p>\n<p><b>DATA:\u00a0 <\/b>17\/08\/14 as 11h<\/p>\n<p><b>\u00a0<\/b><\/p>\n<p><b>\u201cFacas Nas Galinhas\u201d<\/b><\/p>\n<p><b>LOCAL<\/b>:\u00a0 <b>ESPA\u00c7O CULTURAL P\u00c9S NO CH\u00c3O<\/b><\/p>\n<p>Rua Macap\u00e1, 72 &#8211; Barra Velha, Ilhabela \/SP<\/p>\n<p><b>DATA:\u00a0 <\/b>16\/08\/14 as 20h<b><\/b><\/p>\n<p>&nbsp;<\/p>\n<p><b>\u201cO Tribunal de Salom\u00e3o e o Julgamento das Meias-Verdades Inteiras\u201d<\/b><\/p>\n<p><b>LOCAL:\u00a0 <\/b>P\u00e7a de Eventos de Votorantim \u2013 Av. Trinta e Um de Mar\u00e7o, s\/n\u00ba &#8211; Votorantim\/SP<\/p>\n<p><b>DATA: <\/b>31\/08\/14 as 16h<\/p>\n<p><b>\u00a0<\/b><\/p>\n<p><b>\u201cFacas Nas Galinhas\u201d<\/b><\/p>\n<p><b>LOCAL<\/b>:\u00a0 <b>Audit\u00f3rio Municipal Francisco Beranger<\/b><b><\/b><\/p>\n<p>Avenida Vereador Newton Vieira Soares, 291 &#8211; Centro \u2013 Votorantim\/SP<\/p>\n<p><b>DATA:\u00a0 <\/b>30\/08\/14 as 20h<\/p>\n","protected":false},"excerpt":{"rendered":"<p>\u00a0\u201cFacas Nas Galinhas\u201d LOCAL:\u00a0 TEATRO WILMA BERTELLI \u2013 Rua Miguel Aby-Azar, 156 \u2013 Centro \u2013 Registro\/SP DATA:\u00a026\/04\/14 as 21h \u00a0 \u201cO Tribunal de Salom\u00e3o e o Julgamento das Meias-Verdades Inteiras\u201d LOCAL:\u00a0 PRA\u00c7A BEIRA RIO \u2013 Registro \/SP DATA:\u00a0 27\/04\/14 as 16h \u00a0\u00a0\u00a0\u00a0\u00a0\u00a0\u00a0\u00a0\u00a0\u00a0\u00a0\u00a0\u00a0\u00a0\u00a0 \u201cO Tribunal de Salom\u00e3o e o Julgamento das Meias-Verdades Inteiras\u201d LOCAL:\u00a0 Pra\u00e7a da [&hellip;]<\/p>\n","protected":false},"author":1,"featured_media":0,"comment_status":"open","ping_status":"open","sticky":false,"template":"","format":"standard","meta":{"footnotes":""},"categories":[5],"tags":[],"class_list":["post-1397","post","type-post","status-publish","format-standard","hentry","category-trabalhos-realizados"],"aioseo_notices":[],"_links":{"self":[{"href":"https:\/\/barracaocultural.com.br\/index.php?rest_route=\/wp\/v2\/posts\/1397"}],"collection":[{"href":"https:\/\/barracaocultural.com.br\/index.php?rest_route=\/wp\/v2\/posts"}],"about":[{"href":"https:\/\/barracaocultural.com.br\/index.php?rest_route=\/wp\/v2\/types\/post"}],"author":[{"embeddable":true,"href":"https:\/\/barracaocultural.com.br\/index.php?rest_route=\/wp\/v2\/users\/1"}],"replies":[{"embeddable":true,"href":"https:\/\/barracaocultural.com.br\/index.php?rest_route=%2Fwp%2Fv2%2Fcomments&post=1397"}],"version-history":[{"count":7,"href":"https:\/\/barracaocultural.com.br\/index.php?rest_route=\/wp\/v2\/posts\/1397\/revisions"}],"predecessor-version":[{"id":1757,"href":"https:\/\/barracaocultural.com.br\/index.php?rest_route=\/wp\/v2\/posts\/1397\/revisions\/1757"}],"wp:attachment":[{"href":"https:\/\/barracaocultural.com.br\/index.php?rest_route=%2Fwp%2Fv2%2Fmedia&parent=1397"}],"wp:term":[{"taxonomy":"category","embeddable":true,"href":"https:\/\/barracaocultural.com.br\/index.php?rest_route=%2Fwp%2Fv2%2Fcategories&post=1397"},{"taxonomy":"post_tag","embeddable":true,"href":"https:\/\/barracaocultural.com.br\/index.php?rest_route=%2Fwp%2Fv2%2Ftags&post=1397"}],"curies":[{"name":"wp","href":"https:\/\/api.w.org\/{rel}","templated":true}]}}