{"id":1417,"date":"2014-05-27T17:11:00","date_gmt":"2014-05-27T17:11:00","guid":{"rendered":"http:\/\/barracaocultural.com.br\/?p=1417"},"modified":"2019-08-29T16:36:31","modified_gmt":"2019-08-29T16:36:31","slug":"a-condessa-e-o-bandoleiro","status":"publish","type":"post","link":"https:\/\/barracaocultural.com.br\/?p=1417","title":{"rendered":"A Condessa e o Bandoleiro"},"content":{"rendered":"<p><a href=\"http:\/\/barracaocultural.com.br\/wp-content\/uploads\/2014\/05\/convite-frente.jpg\"><img loading=\"lazy\" decoding=\"async\" class=\"size-medium wp-image-1443 aligncenter\" src=\"http:\/\/barracaocultural.com.br\/wp-content\/uploads\/2014\/05\/convite-frente-300x295.jpg\" alt=\"convite frente\" width=\"300\" height=\"295\" srcset=\"https:\/\/barracaocultural.com.br\/wp-content\/uploads\/2014\/05\/convite-frente-300x295.jpg 300w, https:\/\/barracaocultural.com.br\/wp-content\/uploads\/2014\/05\/convite-frente.jpg 324w\" sizes=\"(max-width: 300px) 100vw, 300px\" \/><\/a><\/p>\n<p><strong><em>Vencedor do 1\u00ba Pr\u00eamio S\u00e3o Paulo de Incentivo ao Teatro Infantil e Jovem<\/em><\/strong><strong><em>\u00a0Categoria Melhor Espet\u00e1culo Jovem e indica\u00e7\u00e3o como Melhor Atriz.<\/em><\/strong><\/p>\n<p>Uma condessa entediada decide sair da vida tediosa da riqueza e atravessar a floresta em dire\u00e7\u00e3o a um baile, acompanhada de um bar\u00e3o e sua ama.\u00a0 No caminho, s\u00e3o obrigados a pernoitar em uma taberna, onde se encontrar\u00e3o com o temido bandoleiro Z\u00e9 Facada, que os colocar\u00e1 diante de um novo mundo que mudar\u00e1 suas vis\u00f5es de si mesmos e dos outros.<\/p>\n<p><strong>FICHA T\u00c9CNICA<\/strong><\/p>\n<p><b>Dramaturgia<\/b>\u00a0&#8211; Angelo Brandini<\/p>\n<p><b>Dire\u00e7\u00e3o<\/b>\u00a0\u00a0&#8211;\u00a0Fernando Escrich<\/p>\n<p><b>Elenco<\/b>\u00a0\u00a0&#8211;\u00a0Eloisa Elena, Thiago Andreuccetti, Fabio Ferretti,\u00a0Alexandre Maldonado e Victor Merseguel.<\/p>\n<p><b>Dire\u00e7\u00e3o Musical\u00a0<\/b><b>e can\u00e7\u00f5es \u00a0&#8211;\u00a0<\/b>Dr Morris \u00a0<b>\u00a0 \u00a0 \u00a0\u00a0<\/b><\/p>\n<p><b><\/b><b>Cen\u00e1rio e figurinos\u00a0\u00a0&#8211;\u00a0<\/b>Marco Lima<\/p>\n<p><b>Ilumina\u00e7\u00e3o<\/b>\u00a0 \u00a0&#8211;\u00a0Victor Merseguel, F\u00e1bio Ferretti e Eloisa Elena.<\/p>\n<p><b>Prepara\u00e7\u00e3o corporal e\u00a0<\/b><b>coreografias\u00a0&#8211;\u00a0<\/b>Andrea Soares<\/p>\n<p><b>Aula de percuss\u00e3o\u00a0&#8211;\u00a0<\/b>Dani Zulu<\/p>\n<p><b>Assistente de Produ\u00e7\u00e3o e Figurino\u00a0&#8211;\u00a0<\/b>Alice Ursini<\/p>\n<p><b>Confec\u00e7\u00e3o de Adere\u00e7os\u00a0&#8211;\u00a0<\/b>Victor Merseguel<\/p>\n<p><b>Costureiras\u00a0&#8211;\u00a0<\/b>Ben\u00ea, C\u00e9lia e Cidinha Calistro e Judite de Lima<\/p>\n<p><b>Cenot\u00e9cnicos\u00a0\u00a0\u00a0&#8211;\u00a0<\/b>Emerson Fernandes e Iris Porto<\/p>\n<p><b>Confec\u00e7\u00e3o de Polainas em couro\u00a0&#8211;\u00a0<\/b>Davi Reis<\/p>\n<p><b>Fotos <\/b>\u00a0\u00a0&#8211;\u00a0Jo\u00e3o Caldas<\/p>\n<p><b>Designer Gr\u00e1fico\u00a0&#8211;\u00a0<\/b>Claudio Queir\u00f3z<\/p>\n<p><b>Assessoria de Imprensa<\/b>\u00a0\u00a0&#8211;\u00a0Pombo Correio<\/p>\n<p><b>Administra\u00e7\u00e3o\u00a0&#8211;\u00a0<\/b>Tet\u00ea Ribeiro<\/p>\n<p><b>Produ\u00e7\u00e3o Executiva\u00a0\u00a0&#8211;\u00a0<\/b>Geondes Ant\u00f4nio<\/p>\n<p><b>Dire\u00e7\u00e3o de Produ\u00e7\u00e3o<\/b>\u00a0\u00a0&#8211;\u00a0Eloisa Elena<\/p>\n<p><b>Realiza\u00e7\u00e3o<\/b>\u00a0 \u00a0&#8211;\u00a0Barrac\u00e3o Cultural<\/p>\n","protected":false},"excerpt":{"rendered":"<p>Vencedor do 1\u00ba Pr\u00eamio S\u00e3o Paulo de Incentivo ao Teatro Infantil e Jovem\u00a0Categoria Melhor Espet\u00e1culo Jovem e indica\u00e7\u00e3o como Melhor Atriz. Uma condessa entediada decide sair da vida tediosa da riqueza e atravessar a floresta em dire\u00e7\u00e3o a um baile, acompanhada de um bar\u00e3o e sua ama.\u00a0 No caminho, s\u00e3o obrigados a pernoitar em uma [&hellip;]<\/p>\n","protected":false},"author":1,"featured_media":0,"comment_status":"open","ping_status":"open","sticky":false,"template":"","format":"standard","meta":{"footnotes":""},"categories":[4,5],"tags":[9],"class_list":["post-1417","post","type-post","status-publish","format-standard","hentry","category-em-cartaza","category-trabalhos-realizados","tag-teatro"],"aioseo_notices":[],"_links":{"self":[{"href":"https:\/\/barracaocultural.com.br\/index.php?rest_route=\/wp\/v2\/posts\/1417"}],"collection":[{"href":"https:\/\/barracaocultural.com.br\/index.php?rest_route=\/wp\/v2\/posts"}],"about":[{"href":"https:\/\/barracaocultural.com.br\/index.php?rest_route=\/wp\/v2\/types\/post"}],"author":[{"embeddable":true,"href":"https:\/\/barracaocultural.com.br\/index.php?rest_route=\/wp\/v2\/users\/1"}],"replies":[{"embeddable":true,"href":"https:\/\/barracaocultural.com.br\/index.php?rest_route=%2Fwp%2Fv2%2Fcomments&post=1417"}],"version-history":[{"count":16,"href":"https:\/\/barracaocultural.com.br\/index.php?rest_route=\/wp\/v2\/posts\/1417\/revisions"}],"predecessor-version":[{"id":2191,"href":"https:\/\/barracaocultural.com.br\/index.php?rest_route=\/wp\/v2\/posts\/1417\/revisions\/2191"}],"wp:attachment":[{"href":"https:\/\/barracaocultural.com.br\/index.php?rest_route=%2Fwp%2Fv2%2Fmedia&parent=1417"}],"wp:term":[{"taxonomy":"category","embeddable":true,"href":"https:\/\/barracaocultural.com.br\/index.php?rest_route=%2Fwp%2Fv2%2Fcategories&post=1417"},{"taxonomy":"post_tag","embeddable":true,"href":"https:\/\/barracaocultural.com.br\/index.php?rest_route=%2Fwp%2Fv2%2Ftags&post=1417"}],"curies":[{"name":"wp","href":"https:\/\/api.w.org\/{rel}","templated":true}]}}