{"id":1633,"date":"2015-02-27T17:45:00","date_gmt":"2015-02-27T17:45:00","guid":{"rendered":"http:\/\/barracaocultural.com.br\/?p=1633"},"modified":"2015-12-02T14:17:22","modified_gmt":"2015-12-02T14:17:22","slug":"1633","status":"publish","type":"post","link":"https:\/\/barracaocultural.com.br\/?p=1633","title":{"rendered":"1\u00baEdital Z\u00e9 Renato"},"content":{"rendered":"<p><a href=\"http:\/\/barracaocultural.com.br\/wp-content\/uploads\/2015\/02\/flyer-eletronico-sem-nome.jpg\"><img loading=\"lazy\" decoding=\"async\" class=\"alignnone wp-image-1634\" src=\"http:\/\/barracaocultural.com.br\/wp-content\/uploads\/2015\/02\/flyer-eletronico-sem-nome-175x300.jpg\" alt=\"flyer-eletronico-sem-nome\" width=\"156\" height=\"267\" srcset=\"https:\/\/barracaocultural.com.br\/wp-content\/uploads\/2015\/02\/flyer-eletronico-sem-nome-175x300.jpg 175w, https:\/\/barracaocultural.com.br\/wp-content\/uploads\/2015\/02\/flyer-eletronico-sem-nome-597x1024.jpg 597w, https:\/\/barracaocultural.com.br\/wp-content\/uploads\/2015\/02\/flyer-eletronico-sem-nome.jpg 700w\" sizes=\"(max-width: 156px) 100vw, 156px\" \/><\/a><\/p>\n<p><strong>CIRCULA\u00c7AO BARRAC\u00c3O CULTURAL &#8211; TODO LUGAR \u00c9 PALCO<\/strong><\/p>\n<p><strong>PR\u00caMIO ZE RENATO<\/strong><\/p>\n<p>25\/02 as 19:30h A Condessa e o Bandoleiro &#8211; CEU Parais\u00f3polis &#8211; R. Dr Jos\u00e9 Augusto de Souza e Silva, s\/n\u00ba<\/p>\n<p>28\/02 as 16h O Tribunal de Salom\u00e3o &#8211; Parque do Trote &#8211; Rua Nadir Dia Figueiredo s\/n \u00ba<\/p>\n<p>05\/03 as 19:30h O Tribunal de Salom\u00e3o &#8211; CEU Parais\u00f3polis R. Dr Jos\u00e9 Augusto de Souza e Silva, s\/n\u00ba<\/p>\n<p>07\/03 as 16h A Condessa e o Bandoleiro &#8211; Parque Trote &#8211; Rua Nadir Dia Figueiredo s\/n \u00ba<\/p>\n<p>17\/03 as 14h A Condessa e o Bandoleiro &#8211; CEU In\u00e1cio Monteiro &#8211; R. Bar\u00e3o Barroso do Amazonas, s\/n\u00ba<\/p>\n<p>21\/03 13h O Tribunal de Salom\u00e3o &#8211; CEU In\u00e1cio Monteiro &#8211; R. Bar\u00e3o Barroso do Amazonas, s\/n\u00ba<\/p>\n<p><strong>A CONDESSA E O BANDOLEIRO<\/strong><\/p>\n<p>SESC PINHEIROS &#8211; Rua Pais Leme, 195<br \/>\n01 e 08\/03\/15 as 12h<br \/>\n06 e 13\/03\/15 as 20h<\/p>\n<p><strong>FACAS NAS GALINHAS<\/strong><\/p>\n<p>De 27 a 29 de mar\u00e7o\/2015<br \/>\nhor\u00e1rio: sex e s\u00e1b 21h e dom 19h<br \/>\nEndere\u00e7o: Galp\u00e3o Cine Horto<br \/>\nRua Pitangui, 3613 &#8211; Bairro Horto &#8211; Belo Horizonte &#8211; MG<\/p>\n","protected":false},"excerpt":{"rendered":"<p>CIRCULA\u00c7AO BARRAC\u00c3O CULTURAL &#8211; TODO LUGAR \u00c9 PALCO PR\u00caMIO ZE RENATO 25\/02 as 19:30h A Condessa e o Bandoleiro &#8211; CEU Parais\u00f3polis &#8211; R. Dr Jos\u00e9 Augusto de Souza e Silva, s\/n\u00ba 28\/02 as 16h O Tribunal de Salom\u00e3o &#8211; Parque do Trote &#8211; Rua Nadir Dia Figueiredo s\/n \u00ba 05\/03 as 19:30h O Tribunal [&hellip;]<\/p>\n","protected":false},"author":1,"featured_media":0,"comment_status":"open","ping_status":"open","sticky":false,"template":"","format":"standard","meta":{"footnotes":""},"categories":[5],"tags":[],"class_list":["post-1633","post","type-post","status-publish","format-standard","hentry","category-trabalhos-realizados"],"aioseo_notices":[],"_links":{"self":[{"href":"https:\/\/barracaocultural.com.br\/index.php?rest_route=\/wp\/v2\/posts\/1633"}],"collection":[{"href":"https:\/\/barracaocultural.com.br\/index.php?rest_route=\/wp\/v2\/posts"}],"about":[{"href":"https:\/\/barracaocultural.com.br\/index.php?rest_route=\/wp\/v2\/types\/post"}],"author":[{"embeddable":true,"href":"https:\/\/barracaocultural.com.br\/index.php?rest_route=\/wp\/v2\/users\/1"}],"replies":[{"embeddable":true,"href":"https:\/\/barracaocultural.com.br\/index.php?rest_route=%2Fwp%2Fv2%2Fcomments&post=1633"}],"version-history":[{"count":3,"href":"https:\/\/barracaocultural.com.br\/index.php?rest_route=\/wp\/v2\/posts\/1633\/revisions"}],"predecessor-version":[{"id":1753,"href":"https:\/\/barracaocultural.com.br\/index.php?rest_route=\/wp\/v2\/posts\/1633\/revisions\/1753"}],"wp:attachment":[{"href":"https:\/\/barracaocultural.com.br\/index.php?rest_route=%2Fwp%2Fv2%2Fmedia&parent=1633"}],"wp:term":[{"taxonomy":"category","embeddable":true,"href":"https:\/\/barracaocultural.com.br\/index.php?rest_route=%2Fwp%2Fv2%2Fcategories&post=1633"},{"taxonomy":"post_tag","embeddable":true,"href":"https:\/\/barracaocultural.com.br\/index.php?rest_route=%2Fwp%2Fv2%2Ftags&post=1633"}],"curies":[{"name":"wp","href":"https:\/\/api.w.org\/{rel}","templated":true}]}}