{"id":1641,"date":"2015-03-24T19:37:11","date_gmt":"2015-03-24T19:37:11","guid":{"rendered":"http:\/\/barracaocultural.com.br\/?p=1641"},"modified":"2015-05-08T18:20:03","modified_gmt":"2015-05-08T18:20:03","slug":"1641","status":"publish","type":"post","link":"https:\/\/barracaocultural.com.br\/?p=1641","title":{"rendered":"FESTANZA"},"content":{"rendered":"<p>&nbsp;<\/p>\n<p><a href=\"http:\/\/barracaocultural.com.br\/wp-content\/uploads\/2015\/03\/audio940x360.jpg\"><img loading=\"lazy\" decoding=\"async\" class=\"alignnone size-medium wp-image-1642\" src=\"http:\/\/barracaocultural.com.br\/wp-content\/uploads\/2015\/03\/audio940x360-300x115.jpg\" alt=\"audio940x360\" width=\"300\" height=\"115\" srcset=\"https:\/\/barracaocultural.com.br\/wp-content\/uploads\/2015\/03\/audio940x360-300x115.jpg 300w, https:\/\/barracaocultural.com.br\/wp-content\/uploads\/2015\/03\/audio940x360.jpg 940w\" sizes=\"(max-width: 300px) 100vw, 300px\" \/><\/a><\/p>\n<p>&nbsp;<\/p>\n<p>Dia 17 de abril\/15 o Audio Club recebe o Festanza.<\/p>\n<p>Uma experi\u00eancia com as melhores bandas trazendo m\u00fasica de qualidade para S\u00e3o Paulo.<\/p>\n<p>Los Sebosos Postizos<br \/>\nMet\u00e1 Met\u00e1<br \/>\nKarnak<br \/>\nBanda Eddie<br \/>\nDJ Tutu Moraes (Santo Forte)<\/p>\n<p>&nbsp;<\/p>\n<p>&nbsp;<\/p>\n","protected":false},"excerpt":{"rendered":"<p>&nbsp; &nbsp; Dia 17 de abril\/15 o Audio Club recebe o Festanza. Uma experi\u00eancia com as melhores bandas trazendo m\u00fasica de qualidade para S\u00e3o Paulo. Los Sebosos Postizos Met\u00e1 Met\u00e1 Karnak Banda Eddie DJ Tutu Moraes (Santo Forte) &nbsp; &nbsp;<\/p>\n","protected":false},"author":1,"featured_media":0,"comment_status":"open","ping_status":"open","sticky":false,"template":"","format":"standard","meta":{"footnotes":""},"categories":[5],"tags":[],"class_list":["post-1641","post","type-post","status-publish","format-standard","hentry","category-trabalhos-realizados"],"aioseo_notices":[],"_links":{"self":[{"href":"https:\/\/barracaocultural.com.br\/index.php?rest_route=\/wp\/v2\/posts\/1641"}],"collection":[{"href":"https:\/\/barracaocultural.com.br\/index.php?rest_route=\/wp\/v2\/posts"}],"about":[{"href":"https:\/\/barracaocultural.com.br\/index.php?rest_route=\/wp\/v2\/types\/post"}],"author":[{"embeddable":true,"href":"https:\/\/barracaocultural.com.br\/index.php?rest_route=\/wp\/v2\/users\/1"}],"replies":[{"embeddable":true,"href":"https:\/\/barracaocultural.com.br\/index.php?rest_route=%2Fwp%2Fv2%2Fcomments&post=1641"}],"version-history":[{"count":4,"href":"https:\/\/barracaocultural.com.br\/index.php?rest_route=\/wp\/v2\/posts\/1641\/revisions"}],"predecessor-version":[{"id":1659,"href":"https:\/\/barracaocultural.com.br\/index.php?rest_route=\/wp\/v2\/posts\/1641\/revisions\/1659"}],"wp:attachment":[{"href":"https:\/\/barracaocultural.com.br\/index.php?rest_route=%2Fwp%2Fv2%2Fmedia&parent=1641"}],"wp:term":[{"taxonomy":"category","embeddable":true,"href":"https:\/\/barracaocultural.com.br\/index.php?rest_route=%2Fwp%2Fv2%2Fcategories&post=1641"},{"taxonomy":"post_tag","embeddable":true,"href":"https:\/\/barracaocultural.com.br\/index.php?rest_route=%2Fwp%2Fv2%2Ftags&post=1641"}],"curies":[{"name":"wp","href":"https:\/\/api.w.org\/{rel}","templated":true}]}}