{"id":1820,"date":"2016-04-08T19:24:43","date_gmt":"2016-04-08T19:24:43","guid":{"rendered":"http:\/\/barracaocultural.com.br\/?p=1820"},"modified":"2019-08-29T16:33:53","modified_gmt":"2019-08-29T16:33:53","slug":"ja-pra-cama-3","status":"publish","type":"post","link":"https:\/\/barracaocultural.com.br\/?p=1820","title":{"rendered":"J\u00e1 Pra Cama!"},"content":{"rendered":"<p style=\"text-align: center;\"><a href=\"http:\/\/barracaocultural.com.br\/wp-content\/uploads\/2016\/04\/Logo_JaPraCama_frente.jpg\" rel=\"attachment wp-att-1821\"><img loading=\"lazy\" decoding=\"async\" class=\"alignnone size-medium wp-image-1821\" src=\"http:\/\/barracaocultural.com.br\/wp-content\/uploads\/2016\/04\/Logo_JaPraCama_frente-136x300.jpg\" alt=\"Logo_JaPraCama_frente\" width=\"136\" height=\"300\" srcset=\"https:\/\/barracaocultural.com.br\/wp-content\/uploads\/2016\/04\/Logo_JaPraCama_frente-136x300.jpg 136w, https:\/\/barracaocultural.com.br\/wp-content\/uploads\/2016\/04\/Logo_JaPraCama_frente-768x1691.jpg 768w, https:\/\/barracaocultural.com.br\/wp-content\/uploads\/2016\/04\/Logo_JaPraCama_frente-465x1024.jpg 465w, https:\/\/barracaocultural.com.br\/wp-content\/uploads\/2016\/04\/Logo_JaPraCama_frente.jpg 934w\" sizes=\"(max-width: 136px) 100vw, 136px\" \/><\/a><\/p>\n<p><strong>Pr\u00eamio S\u00e3o Paulo de Incentivo ao Teatro Infantil e Jovem 2016 \u2013\u00a0Trilha Musical Original e\u00a0indicado na categoria Melhor Espet\u00e1culo Infantil<\/strong><\/p>\n<p><b>Pr\u00eamio APCA 2015 \u2013 Melhor espet\u00e1culo infantil de texto original.<\/b><\/p>\n<p>&#8220;J\u00e1 para o teatro! &#8230;.Com certeza um dos melhores espet\u00e1culo que vi em SP neste ano de 2015. Vida longa!&#8221;<\/p>\n<p>Dib Carneiro Neto &#8211; Revista Crescer<\/p>\n<p>\u00a0<\/p>\n<p>&#8220;A trilha sonora \u00e9 a costura do espet\u00e1culo, que lembra bem um show de rock, divertindo tamb\u00e9m os pais, que se identificam com a situa\u00e7\u00e3o.&#8221;<\/p>\n<p>Gabriela Romeu &#8211; Folha de SP.<\/p>\n<p>\u00a0<\/p>\n<p>&#8220;Na luta contra o sono,\u00a0eles cantam, tocam viol\u00e3o e guitarra, dan\u00e7am\u00a0e at\u00e9 vestem fantasias \u2014 imposs\u00edvel os\u00a0pais na plateia n\u00e3o se identificarem com o\u00a0drama da m\u00e3e&#8230;&#8221;<\/p>\n<p>Mariana Ros\u00e1rio &#8211; Veja SP<\/p>\n<p>J\u00e1 pra Cama! \u00e9 a mais nova produ\u00e7\u00e3o da Barrac\u00e3o Cultural. Dirigido pelo palha\u00e7o e m\u00fasico Fernando Escrich,\u00a0 este espet\u00e1culo d\u00e1 continuidade a parceria iniciada em &#8220;A Condessa e o Bandoleiro&#8221;, que foi ganhador do Pr\u00eamio S\u00e3o Paulo de Incentivo ao Teatro &#8211; como Melhor Espet\u00e1culo Jovem.<\/p>\n<p>J\u00e1 pra Cama! \u00e9 um espet\u00e1culo musical infantil que re\u00fane as linguagens do teatro, da m\u00fasica e das artes pl\u00e1sticas.<\/p>\n<p>Estreou em outubro de 2015 no Sesc Pinheiros, em S\u00e3o Paulo.<\/p>\n<p><strong>Sinopse<\/strong><\/p>\n<p>Como \u00e9 a noite de dois meninos espertos e roqueiros, que todo dia relutam em ir pra cama?<\/p>\n<p>Divertido e po\u00e9tico, J\u00e1 pra Cama! conta as aventuras de uma m\u00e3e na tentativa de colocar seus filhos para dormir. Bois da cara preta, bal\u00f5es que voam alto e levam para cidades estranhas, lutas com soldados, uma ponte enorme para atravessar, mas principalmente muita m\u00fasica e brincadeira, fazem dessa noite algo muito especial.<\/p>\n<p><strong>FICHA T\u00c9CNICA:<\/strong><\/p>\n<p><strong>Roteiro: <\/strong>Eloisa Elena<\/p>\n<p><strong>Dire\u00e7\u00e3o: <\/strong>Fernando Escrich<\/p>\n<p><strong>Elenco: <\/strong>Eloisa Elena,Dr Morris, Alexandre Maldonado<\/p>\n<p><strong>Can\u00e7\u00f5es e Dire\u00e7\u00e3o Musical: <\/strong>Dr. Morris<\/p>\n<p><strong>Arranjos: <\/strong>Daniel Maia e Dr Morris<\/p>\n<p><strong>Cen\u00e1rio: <\/strong>Pedro Saci<\/p>\n<p><strong>Figurino: <\/strong>Marichilene Artsevskis<\/p>\n<p><strong>Ilumina\u00e7\u00e3o: <\/strong>Marisa Bentivegna<\/p>\n<p><strong>Administra\u00e7\u00e3o: <\/strong>Tet\u00ea Ribeiro<\/p>\n<p><strong>Produ\u00e7\u00e3o e Realiza\u00e7\u00e3o: <\/strong>Barrac\u00e3o Cultural<\/p>\n\n\n<p><\/p>\n","protected":false},"excerpt":{"rendered":"<p>Pr\u00eamio S\u00e3o Paulo de Incentivo ao Teatro Infantil e Jovem 2016 \u2013\u00a0Trilha Musical Original e\u00a0indicado na categoria Melhor Espet\u00e1culo Infantil Pr\u00eamio APCA 2015 \u2013 Melhor espet\u00e1culo infantil de texto original. &#8220;J\u00e1 para o teatro! &#8230;.Com certeza um dos melhores espet\u00e1culo que vi em SP neste ano de 2015. Vida longa!&#8221; Dib Carneiro Neto &#8211; Revista [&hellip;]<\/p>\n","protected":false},"author":1,"featured_media":0,"comment_status":"open","ping_status":"open","sticky":false,"template":"","format":"standard","meta":{"footnotes":""},"categories":[5],"tags":[],"class_list":["post-1820","post","type-post","status-publish","format-standard","hentry","category-trabalhos-realizados"],"aioseo_notices":[],"_links":{"self":[{"href":"https:\/\/barracaocultural.com.br\/index.php?rest_route=\/wp\/v2\/posts\/1820"}],"collection":[{"href":"https:\/\/barracaocultural.com.br\/index.php?rest_route=\/wp\/v2\/posts"}],"about":[{"href":"https:\/\/barracaocultural.com.br\/index.php?rest_route=\/wp\/v2\/types\/post"}],"author":[{"embeddable":true,"href":"https:\/\/barracaocultural.com.br\/index.php?rest_route=\/wp\/v2\/users\/1"}],"replies":[{"embeddable":true,"href":"https:\/\/barracaocultural.com.br\/index.php?rest_route=%2Fwp%2Fv2%2Fcomments&post=1820"}],"version-history":[{"count":4,"href":"https:\/\/barracaocultural.com.br\/index.php?rest_route=\/wp\/v2\/posts\/1820\/revisions"}],"predecessor-version":[{"id":2190,"href":"https:\/\/barracaocultural.com.br\/index.php?rest_route=\/wp\/v2\/posts\/1820\/revisions\/2190"}],"wp:attachment":[{"href":"https:\/\/barracaocultural.com.br\/index.php?rest_route=%2Fwp%2Fv2%2Fmedia&parent=1820"}],"wp:term":[{"taxonomy":"category","embeddable":true,"href":"https:\/\/barracaocultural.com.br\/index.php?rest_route=%2Fwp%2Fv2%2Fcategories&post=1820"},{"taxonomy":"post_tag","embeddable":true,"href":"https:\/\/barracaocultural.com.br\/index.php?rest_route=%2Fwp%2Fv2%2Ftags&post=1820"}],"curies":[{"name":"wp","href":"https:\/\/api.w.org\/{rel}","templated":true}]}}