{"id":1912,"date":"2017-02-10T18:34:56","date_gmt":"2017-02-10T18:34:56","guid":{"rendered":"http:\/\/barracaocultural.com.br\/?p=1912"},"modified":"2017-02-10T18:47:52","modified_gmt":"2017-02-10T18:47:52","slug":"mostra-barracao-cultural-15-anos","status":"publish","type":"post","link":"https:\/\/barracaocultural.com.br\/?p=1912","title":{"rendered":"&#8220;Mostra Barrac\u00e3o Cultural 15 Anos&#8221;"},"content":{"rendered":"<h2>\u00a0<a href=\"http:\/\/barracaocultural.com.br\/wp-content\/uploads\/2017\/02\/mostra.jpg\"><img loading=\"lazy\" decoding=\"async\" class=\"alignnone wp-image-1915\" src=\"http:\/\/barracaocultural.com.br\/wp-content\/uploads\/2017\/02\/mostra-209x300.jpg\" alt=\"\" width=\"227\" height=\"326\" srcset=\"https:\/\/barracaocultural.com.br\/wp-content\/uploads\/2017\/02\/mostra-209x300.jpg 209w, https:\/\/barracaocultural.com.br\/wp-content\/uploads\/2017\/02\/mostra-768x1100.jpg 768w, https:\/\/barracaocultural.com.br\/wp-content\/uploads\/2017\/02\/mostra-715x1024.jpg 715w, https:\/\/barracaocultural.com.br\/wp-content\/uploads\/2017\/02\/mostra.jpg 1047w\" sizes=\"(max-width: 227px) 100vw, 227px\" \/><\/a><\/h2>\n<p>Esta Mostra \u00e9 a forma que a Cia Barrac\u00e3o Cultural elegeu para comemorar seus 15 anos de atividades. Engloba apresenta\u00e7\u00f5es teatrais para palco e espa\u00e7os abertos, oficinas e encontros com o p\u00fablico e \u00e9 caracterizada por uma programa\u00e7\u00e3o diversificada, que abrange v\u00e1rias linguagens e se comunica com um p\u00fablico amplo e m\u00faltiplo. Toda a programa\u00e7\u00e3o acontecer\u00e1 no teatro Cacilda Becker em S\u00e3o Paulo e ser\u00e1 gratuita.<\/p>\n<p>A Mostra come\u00e7a com o espet\u00e1culo <em><u>A Mulher Que Ri<\/u><\/em>, dirigido por <strong>Yara de Novaes<\/strong> com <strong>Eloisa Elena<\/strong>, <strong>Fernando Alves Pinto<\/strong> e <strong>Pl\u00ednio Soares<\/strong>, que fica em cartaz do dia 6 ao dia 9 de outubro. No dia 8 o premiado espet\u00e1culo de rua infantil escrito por <strong>Angelo Brandini<\/strong> <em><u>A Condessa e o Bandoleiro<\/u><\/em>, dirigido por <strong>Fernando Escrich<\/strong>, com<strong> Eloisa Elena<\/strong>,<strong> Thiago Andreuccetti<\/strong>, <strong>Fabio Ferretti<\/strong>,<strong> Alexandre Maldonado <\/strong>e<strong> Victor Merseguel<\/strong> no elenco, se apresenta \u00e0s 16h na frente do teatro. De 13 a 16 de outubro \u00e9 a vez do drama <em><u>Faca nas Galinhas<\/u><\/em>, dirigido por <strong>Francisco Medeiros<\/strong>, com <strong>Eloisa Elena<\/strong>, <strong>Thiago Andreuccetti<\/strong> e <strong>Cl\u00e1udio Queir\u00f3z<\/strong>. No s\u00e1bado, dia 15, o outro infantil feito para a rua <em><u>Tribunal de Salom\u00e3o<\/u><\/em> dirigido por <strong>Cuca Bolaffi<\/strong> e com <strong>Eloisa Elena<\/strong>, <strong>Claudio Queiroz<\/strong>, <strong>Thiago Andreuccetti<\/strong>, <strong>F\u00e1bio Ferretti<\/strong> e <strong>Alexandre Maldonado<\/strong> se apresenta \u00e0s 16h na frente do teatro. Nos finais de semana de 21, 22 e 23 e 28, 29 e 30 de outubro o trabalho em processo <em><u>On Love<\/u><\/em> dirigido por <strong>Francisco Medeiros<\/strong> ocupa o palco para ensaios abertos, cada dia pode ser bem diferente do outro, pois a proposta \u00e9 abrir o processo e n\u00e3o apresentar algo pronto. Dias 22 e 23 \u00e0s 16h o premiado infantil dirigido por <strong>Fernando Escrich <\/strong>com <strong>Eloisa Elena<\/strong>, <strong>Morris Piccioto<\/strong> e <strong>Alexandre Maldonado<\/strong> <em><u>J\u00e1 Pra Cama<\/u><\/em> faz duas apresenta\u00e7\u00f5es. E para finalizar a pe\u00e7a infantil inspirada no livro de Eva Funari <em><u>Cacoete<\/u><\/em>, com dire\u00e7\u00e3o de<strong> Heitor Goldflus<\/strong> se apresenta nos dias 29 e 30 \u00e0s 16h no teatro.<\/p>\n<p><strong><u>As Oficinas <\/u><\/strong><\/p>\n<p>Ministrada pelos integrantes da Barrac\u00e3o Cultural, tem como objetivo compartilhar com outros atores e profissionais do teatro, alguns elementos que comp\u00f5em o processo de cria\u00e7\u00e3o dos espet\u00e1culo.<\/p>\n<p><strong><u>O Jogo Do Palha\u00e7o no Texto Teatral<\/u><\/strong><\/p>\n<p>Ministrada por Fernando Escrich &#8211; diretor dos espet\u00e1culos &#8220;A Condessa e o Bandoleiro&#8221; e &#8220;J\u00e1 pra Cama!&#8221;<\/p>\n<p><strong><u>O presente do ator<\/u><\/strong><\/p>\n<p>Ministrada por Francisco Medeiros &#8211; diretor de &#8220;Facas nas Galinhas&#8221; e &#8220;On Love&#8221;.<\/p>\n<p><strong><u>O som construindo a cena<\/u><\/strong><\/p>\n<p>Ministrada por Dr Morris e Alexandre Maldonado &#8211; diretor musical e ator.<\/p>\n<p><strong><u>O Corpo do Ator na rua.<\/u><\/strong><\/p>\n<p>Ministrada por Thiago Andreuccetti &#8211; ator.<\/p>\n","protected":false},"excerpt":{"rendered":"<p>\u00a0 Esta Mostra \u00e9 a forma que a Cia Barrac\u00e3o Cultural elegeu para comemorar seus 15 anos de atividades. Engloba apresenta\u00e7\u00f5es teatrais para palco e espa\u00e7os abertos, oficinas e encontros com o p\u00fablico e \u00e9 caracterizada por uma programa\u00e7\u00e3o diversificada, que abrange v\u00e1rias linguagens e se comunica com um p\u00fablico amplo e m\u00faltiplo. Toda a [&hellip;]<\/p>\n","protected":false},"author":1,"featured_media":0,"comment_status":"open","ping_status":"open","sticky":false,"template":"","format":"standard","meta":{"footnotes":""},"categories":[5],"tags":[],"class_list":["post-1912","post","type-post","status-publish","format-standard","hentry","category-trabalhos-realizados"],"aioseo_notices":[],"_links":{"self":[{"href":"https:\/\/barracaocultural.com.br\/index.php?rest_route=\/wp\/v2\/posts\/1912"}],"collection":[{"href":"https:\/\/barracaocultural.com.br\/index.php?rest_route=\/wp\/v2\/posts"}],"about":[{"href":"https:\/\/barracaocultural.com.br\/index.php?rest_route=\/wp\/v2\/types\/post"}],"author":[{"embeddable":true,"href":"https:\/\/barracaocultural.com.br\/index.php?rest_route=\/wp\/v2\/users\/1"}],"replies":[{"embeddable":true,"href":"https:\/\/barracaocultural.com.br\/index.php?rest_route=%2Fwp%2Fv2%2Fcomments&post=1912"}],"version-history":[{"count":6,"href":"https:\/\/barracaocultural.com.br\/index.php?rest_route=\/wp\/v2\/posts\/1912\/revisions"}],"predecessor-version":[{"id":1921,"href":"https:\/\/barracaocultural.com.br\/index.php?rest_route=\/wp\/v2\/posts\/1912\/revisions\/1921"}],"wp:attachment":[{"href":"https:\/\/barracaocultural.com.br\/index.php?rest_route=%2Fwp%2Fv2%2Fmedia&parent=1912"}],"wp:term":[{"taxonomy":"category","embeddable":true,"href":"https:\/\/barracaocultural.com.br\/index.php?rest_route=%2Fwp%2Fv2%2Fcategories&post=1912"},{"taxonomy":"post_tag","embeddable":true,"href":"https:\/\/barracaocultural.com.br\/index.php?rest_route=%2Fwp%2Fv2%2Ftags&post=1912"}],"curies":[{"name":"wp","href":"https:\/\/api.w.org\/{rel}","templated":true}]}}