{"id":2124,"date":"2019-07-29T17:52:57","date_gmt":"2019-07-29T17:52:57","guid":{"rendered":"http:\/\/barracaocultural.com.br\/?p=2124"},"modified":"2019-08-29T16:25:39","modified_gmt":"2019-08-29T16:25:39","slug":"entre-2","status":"publish","type":"post","link":"https:\/\/barracaocultural.com.br\/?p=2124","title":{"rendered":"ENTRE"},"content":{"rendered":"\n<p><\/p>\n\n\n\n<div class=\"wp-block-image\"><figure class=\"alignleft\"><img loading=\"lazy\" decoding=\"async\" width=\"1024\" height=\"683\" src=\"http:\/\/barracaocultural.com.br\/wp-content\/uploads\/2019\/07\/Entre_3pes_bobsousa_peq-1024x683.jpg\" alt=\"\" class=\"wp-image-2125\" srcset=\"https:\/\/barracaocultural.com.br\/wp-content\/uploads\/2019\/07\/Entre_3pes_bobsousa_peq-1024x683.jpg 1024w, https:\/\/barracaocultural.com.br\/wp-content\/uploads\/2019\/07\/Entre_3pes_bobsousa_peq-300x200.jpg 300w, https:\/\/barracaocultural.com.br\/wp-content\/uploads\/2019\/07\/Entre_3pes_bobsousa_peq-768x512.jpg 768w, https:\/\/barracaocultural.com.br\/wp-content\/uploads\/2019\/07\/Entre_3pes_bobsousa_peq.jpg 1200w\" sizes=\"(max-width: 1024px) 100vw, 1024px\" \/><figcaption><br><br><br>Nova produ\u00e7\u00e3o da Barrac\u00e3o Cultural conta um dia na vida de dois irm\u00e3os (Alexandre Cioletti e Cl\u00e1udio Queiroz) e a irm\u00e3 (Eloisa Elena) que se encontram para organizar a festa de bodas dos seus pais.<br>  Este encontro, aparentemente banal, vai sendo afetado por acontecimentos no apartamento vizinho. Apesar de ser um encontro superficialmente afetuoso, a rela\u00e7\u00e3o dos irm\u00e3os j\u00e1 evidencia aspectos do patriarcado. Um olhar mais profundo sobre como somos afetados pelo entorno, o quanto nos alienamos e onde est\u00e1 nosso medo, permeiam este encontro familiar.<br>  ENTRE \u00e9 um espet\u00e1culo que pretende gerar uma reflex\u00e3o sobre os processos que alimentam a nossa sociedade patriarcal. A dramaturgia de Eloisa Elena parte da diferen\u00e7a de pap\u00e9is e representatividade de g\u00eanero na sociedade e como esta quest\u00e3o est\u00e1 presente, muitas vezes de forma extremamente sutil e adaptada ao cotidiano, para abordar a nossa cumplicidade e passividade diante dos mais diversos desdobramentos e consequ\u00eancias do hist\u00f3rico patriarcal que estrutura nossa forma\u00e7\u00e3o.<br> <br>TEXTO: Eloisa Elena<br>  DIRE\u00c7\u00c3O: Yara de Novaes e Carlos Gradim<br>  ELENCO: Alexandre Cioletti, Cl\u00e1udio Queiroz e Eloisa Elena<br>  CRIA\u00c7\u00c3O E ESPACIALIZA\u00c7\u00c3O SONORA: Dr Morris<br>  CEN\u00c1RIO: Andr\u00e9 Cortez<br>  FIGURINO:  Marichilene Artisevskis<br>  ILUMINA\u00c7\u00c3O: Guilherme Bonfanti<br>  PRODU\u00c7\u00c3O EXECUTIVA : Geondes Ant\u00f4nio<br>  PRODU\u00c7\u00c3O E REALIZA\u00c7\u00c3O: Barrac\u00e3o Cultural<br><\/figcaption><\/figure><\/div>\n","protected":false},"excerpt":{"rendered":"","protected":false},"author":1,"featured_media":0,"comment_status":"open","ping_status":"open","sticky":false,"template":"","format":"standard","meta":{"footnotes":""},"categories":[4,5],"tags":[],"class_list":["post-2124","post","type-post","status-publish","format-standard","hentry","category-em-cartaza","category-trabalhos-realizados"],"aioseo_notices":[],"_links":{"self":[{"href":"https:\/\/barracaocultural.com.br\/index.php?rest_route=\/wp\/v2\/posts\/2124"}],"collection":[{"href":"https:\/\/barracaocultural.com.br\/index.php?rest_route=\/wp\/v2\/posts"}],"about":[{"href":"https:\/\/barracaocultural.com.br\/index.php?rest_route=\/wp\/v2\/types\/post"}],"author":[{"embeddable":true,"href":"https:\/\/barracaocultural.com.br\/index.php?rest_route=\/wp\/v2\/users\/1"}],"replies":[{"embeddable":true,"href":"https:\/\/barracaocultural.com.br\/index.php?rest_route=%2Fwp%2Fv2%2Fcomments&post=2124"}],"version-history":[{"count":7,"href":"https:\/\/barracaocultural.com.br\/index.php?rest_route=\/wp\/v2\/posts\/2124\/revisions"}],"predecessor-version":[{"id":2145,"href":"https:\/\/barracaocultural.com.br\/index.php?rest_route=\/wp\/v2\/posts\/2124\/revisions\/2145"}],"wp:attachment":[{"href":"https:\/\/barracaocultural.com.br\/index.php?rest_route=%2Fwp%2Fv2%2Fmedia&parent=2124"}],"wp:term":[{"taxonomy":"category","embeddable":true,"href":"https:\/\/barracaocultural.com.br\/index.php?rest_route=%2Fwp%2Fv2%2Fcategories&post=2124"},{"taxonomy":"post_tag","embeddable":true,"href":"https:\/\/barracaocultural.com.br\/index.php?rest_route=%2Fwp%2Fv2%2Ftags&post=2124"}],"curies":[{"name":"wp","href":"https:\/\/api.w.org\/{rel}","templated":true}]}}