{"id":2128,"date":"2019-07-29T17:58:20","date_gmt":"2019-07-29T17:58:20","guid":{"rendered":"http:\/\/barracaocultural.com.br\/?p=2128"},"modified":"2019-08-29T16:24:53","modified_gmt":"2019-08-29T16:24:53","slug":"nos-2","status":"publish","type":"post","link":"https:\/\/barracaocultural.com.br\/?p=2128","title":{"rendered":"N\u00d3S"},"content":{"rendered":"\n<div class=\"wp-block-image\"><figure class=\"alignleft is-resized\"><img loading=\"lazy\" decoding=\"async\" src=\"http:\/\/barracaocultural.com.br\/wp-content\/uploads\/2019\/07\/logo-nos-1024x570.jpg\" alt=\"\" class=\"wp-image-2129\" width=\"630\" height=\"350\" srcset=\"https:\/\/barracaocultural.com.br\/wp-content\/uploads\/2019\/07\/logo-nos-1024x570.jpg 1024w, https:\/\/barracaocultural.com.br\/wp-content\/uploads\/2019\/07\/logo-nos-300x167.jpg 300w, https:\/\/barracaocultural.com.br\/wp-content\/uploads\/2019\/07\/logo-nos-768x427.jpg 768w\" sizes=\"(max-width: 630px) 100vw, 630px\" \/><\/figure><\/div>\n\n\n\n<p><\/p>\n\n\n\n<p><\/p>\n\n\n\n<p><\/p>\n\n\n\n<p>Um espet\u00e1culo da Barrac\u00e3o Cultural Adaptado da obra de Eva Furnari<br>\nSobre o espet\u00e1culo:<br>\n Como em toda sua produ\u00e7\u00e3o liter\u00e1ria, Eva tem a habilidade de abordar temas  sens\u00edveis e pol\u00eamicos de uma forma objetiva e, ao mesmo tempo, l\u00fadica e  fant\u00e1stica. Em \u201cN\u00f3s\u201d, Eva nos convida para uma reflex\u00e3o sobre temas como  diversidade, toler\u00e2ncia, respeito e alteridade.<br>\n Como nos demais espet\u00e1culos da Cia, \u201cN\u00f3s\u201d tem uma  musicalidade forte e  marcante. Toda a m\u00fasica \u00e9 executada ao vivo, pelos atores, que tocam diversos  instrumentos e cantam.<br>\n O trabalho corporal tamb\u00e9m tem presen\u00e7a forte na encena\u00e7\u00e3o. Dan\u00e7as  brasileiras e refer\u00eancias da linguagem da m\u00edmica, comp\u00f5em a constru\u00e7\u00e3o do  espet\u00e1culo.<\/p>\n\n\n\n<p>  Ficha T\u00e9cnica<br>  Adapta\u00e7\u00e3o da obra N\u00f3s, de Eva Furnari<br>  Dramaturgia &#8211; S\u00e9rgio Pires<br>  Dire\u00e7\u00e3o \u2013 Cris Lozano<br>  Elenco &#8211; Eloisa Elena, Leandro Goulart, Lucas Nuti e William Simpl\u00edcio<br>  Dire\u00e7\u00e3o Musical e can\u00e7\u00f5es originais &#8211; Dr Morris<br>  Cenografia &#8211; Marco Lima<br>  Figurino \u2013 Marichilene Artisevskis<br>  Coordena\u00e7\u00e3o t\u00e9cnica \u2013 Maur\u00edcio Mateus <br>  Produ\u00e7\u00e3o executiva \u2013 Geondes Ant\u00f4nio<br>  Dire\u00e7\u00e3o de Produ\u00e7\u00e3o &#8211; Eloisa Elena<br>  Administra\u00e7\u00e3o &#8211; Tet\u00ea Ribeiro<br>  Idealiza\u00e7\u00e3o e Realiza\u00e7\u00e3o &#8211; Barrac\u00e3o Cultural <\/p>\n\n\n\n<p><\/p>\n\n\n\n<ul class=\"wp-block-gallery columns-0 is-cropped wp-block-gallery-1 is-layout-flex wp-block-gallery-is-layout-flex\"><\/ul>\n","protected":false},"excerpt":{"rendered":"<p>Um espet\u00e1culo da Barrac\u00e3o Cultural Adaptado da obra de Eva Furnari Sobre o espet\u00e1culo: Como em toda sua produ\u00e7\u00e3o liter\u00e1ria, Eva tem a habilidade de abordar temas sens\u00edveis e pol\u00eamicos de uma forma objetiva e, ao mesmo tempo, l\u00fadica e fant\u00e1stica. Em \u201cN\u00f3s\u201d, Eva nos convida para uma reflex\u00e3o sobre temas como diversidade, toler\u00e2ncia, respeito [&hellip;]<\/p>\n","protected":false},"author":1,"featured_media":2173,"comment_status":"open","ping_status":"open","sticky":false,"template":"","format":"standard","meta":{"footnotes":""},"categories":[4,5],"tags":[],"class_list":["post-2128","post","type-post","status-publish","format-standard","has-post-thumbnail","hentry","category-em-cartaza","category-trabalhos-realizados"],"aioseo_notices":[],"_links":{"self":[{"href":"https:\/\/barracaocultural.com.br\/index.php?rest_route=\/wp\/v2\/posts\/2128"}],"collection":[{"href":"https:\/\/barracaocultural.com.br\/index.php?rest_route=\/wp\/v2\/posts"}],"about":[{"href":"https:\/\/barracaocultural.com.br\/index.php?rest_route=\/wp\/v2\/types\/post"}],"author":[{"embeddable":true,"href":"https:\/\/barracaocultural.com.br\/index.php?rest_route=\/wp\/v2\/users\/1"}],"replies":[{"embeddable":true,"href":"https:\/\/barracaocultural.com.br\/index.php?rest_route=%2Fwp%2Fv2%2Fcomments&post=2128"}],"version-history":[{"count":8,"href":"https:\/\/barracaocultural.com.br\/index.php?rest_route=\/wp\/v2\/posts\/2128\/revisions"}],"predecessor-version":[{"id":2187,"href":"https:\/\/barracaocultural.com.br\/index.php?rest_route=\/wp\/v2\/posts\/2128\/revisions\/2187"}],"wp:featuredmedia":[{"embeddable":true,"href":"https:\/\/barracaocultural.com.br\/index.php?rest_route=\/wp\/v2\/media\/2173"}],"wp:attachment":[{"href":"https:\/\/barracaocultural.com.br\/index.php?rest_route=%2Fwp%2Fv2%2Fmedia&parent=2128"}],"wp:term":[{"taxonomy":"category","embeddable":true,"href":"https:\/\/barracaocultural.com.br\/index.php?rest_route=%2Fwp%2Fv2%2Fcategories&post=2128"},{"taxonomy":"post_tag","embeddable":true,"href":"https:\/\/barracaocultural.com.br\/index.php?rest_route=%2Fwp%2Fv2%2Ftags&post=2128"}],"curies":[{"name":"wp","href":"https:\/\/api.w.org\/{rel}","templated":true}]}}