{"id":67,"date":"2010-10-15T02:33:30","date_gmt":"2010-10-15T05:33:30","guid":{"rendered":"http:\/\/barracaocultural.com.br\/?p=67"},"modified":"2013-10-11T18:22:03","modified_gmt":"2013-10-11T18:22:03","slug":"caixa-magica","status":"publish","type":"post","link":"https:\/\/barracaocultural.com.br\/?p=67","title":{"rendered":"\u201cCaixa M\u00e1gica\u201d"},"content":{"rendered":"<p><img loading=\"lazy\" decoding=\"async\" class=\"size-large wp-image-345 alignnone\" title=\"caixa m\u00e1gica\" alt=\"\" src=\"http:\/\/barracaocultural.com.br\/wp-content\/uploads\/2009\/12\/caixa-m\u00e1gica-600x388.jpg\" width=\"360\" height=\"233\" \/><\/p>\n<p>Em cartaz desde maio de 2004.<\/p>\n<p>Texto: Jos\u00e9 Geraldo Petean<\/p>\n<p>Dire\u00e7\u00e3o: Cris Lozano<\/p>\n<p>Elenco: Sidnei Caria, Guto Togniazzollo, Thiago Andreuccetti e Osvaldo Gon\u00e7alves<\/p>\n<p><em>Realiza\u00e7\u00e3o e Produ\u00e7\u00e3o \u2013 Parceria com Instituto Alfa de Cultura.<\/em><\/p>\n","protected":false},"excerpt":{"rendered":"<p>Em cartaz desde maio de 2004. Texto: Jos\u00e9 Geraldo Petean Dire\u00e7\u00e3o: Cris Lozano Elenco: Sidnei Caria, Guto Togniazzollo, Thiago Andreuccetti e Osvaldo Gon\u00e7alves Realiza\u00e7\u00e3o e Produ\u00e7\u00e3o \u2013 Parceria com Instituto Alfa de Cultura.<\/p>\n","protected":false},"author":1,"featured_media":0,"comment_status":"open","ping_status":"open","sticky":false,"template":"","format":"standard","meta":{"footnotes":""},"categories":[5],"tags":[9],"class_list":["post-67","post","type-post","status-publish","format-standard","hentry","category-trabalhos-realizados","tag-teatro"],"aioseo_notices":[],"_links":{"self":[{"href":"https:\/\/barracaocultural.com.br\/index.php?rest_route=\/wp\/v2\/posts\/67"}],"collection":[{"href":"https:\/\/barracaocultural.com.br\/index.php?rest_route=\/wp\/v2\/posts"}],"about":[{"href":"https:\/\/barracaocultural.com.br\/index.php?rest_route=\/wp\/v2\/types\/post"}],"author":[{"embeddable":true,"href":"https:\/\/barracaocultural.com.br\/index.php?rest_route=\/wp\/v2\/users\/1"}],"replies":[{"embeddable":true,"href":"https:\/\/barracaocultural.com.br\/index.php?rest_route=%2Fwp%2Fv2%2Fcomments&post=67"}],"version-history":[{"count":11,"href":"https:\/\/barracaocultural.com.br\/index.php?rest_route=\/wp\/v2\/posts\/67\/revisions"}],"predecessor-version":[{"id":1176,"href":"https:\/\/barracaocultural.com.br\/index.php?rest_route=\/wp\/v2\/posts\/67\/revisions\/1176"}],"wp:attachment":[{"href":"https:\/\/barracaocultural.com.br\/index.php?rest_route=%2Fwp%2Fv2%2Fmedia&parent=67"}],"wp:term":[{"taxonomy":"category","embeddable":true,"href":"https:\/\/barracaocultural.com.br\/index.php?rest_route=%2Fwp%2Fv2%2Fcategories&post=67"},{"taxonomy":"post_tag","embeddable":true,"href":"https:\/\/barracaocultural.com.br\/index.php?rest_route=%2Fwp%2Fv2%2Ftags&post=67"}],"curies":[{"name":"wp","href":"https:\/\/api.w.org\/{rel}","templated":true}]}}