{"id":76,"date":"2007-09-24T02:42:31","date_gmt":"2007-09-24T02:42:31","guid":{"rendered":"http:\/\/barracaocultural.com.br\/?p=76"},"modified":"2013-10-10T16:13:57","modified_gmt":"2013-10-10T16:13:57","slug":"%e2%80%9ca-morte-de-dj-em-paris%e2%80%9d-%e2%80%9cmata-hari%e2%80%9d","status":"publish","type":"post","link":"https:\/\/barracaocultural.com.br\/?p=76","title":{"rendered":"\u201cA Morte de DJ em Paris\u201d \/ \u201cMata Hari\u201d"},"content":{"rendered":"<p><a href=\"http:\/\/barracaocultural.com.br\/trabalhos-realizados\/%e2%80%9ca-morte-de-dj-em-paris%e2%80%9d-%e2%80%9cmata-hari%e2%80%9d\/attachment\/amortededjemparis-2\/\" rel=\"attachment wp-att-317\"><img loading=\"lazy\" decoding=\"async\" class=\"alignnone size-large wp-image-317\" title=\"amortededjemparis\" alt=\"\" src=\"http:\/\/barracaocultural.com.br\/wp-content\/uploads\/2009\/12\/amortededjemparis1-600x429.jpg\" width=\"237\" height=\"213\" \/><\/a><\/p>\n<p><strong>\u201cA Morte de DJ em Paris\u201d<\/strong>, da Cia Teatro Adulto, de Belo Horizonte<\/p>\n<p>S\u00e3o Paulo em outubro e novembro de 2007<\/p>\n<p><strong>\u201cMata Hari\u201d<\/strong>, da Odeon Cia Teatral, de Belo Horizonte<\/p>\n<p>S\u00e3o Paulo em janeiro de 2003<\/p>\n<p><em>Produ\u00e7\u00e3o local<\/em><\/p>\n","protected":false},"excerpt":{"rendered":"<p>\u201cA Morte de DJ em Paris\u201d, da Cia Teatro Adulto, de Belo Horizonte S\u00e3o Paulo em outubro e novembro de 2007 \u201cMata Hari\u201d, da Odeon Cia Teatral, de Belo Horizonte S\u00e3o Paulo em janeiro de 2003 Produ\u00e7\u00e3o local<\/p>\n","protected":false},"author":1,"featured_media":0,"comment_status":"open","ping_status":"open","sticky":false,"template":"","format":"standard","meta":{"footnotes":""},"categories":[5],"tags":[9],"class_list":["post-76","post","type-post","status-publish","format-standard","hentry","category-trabalhos-realizados","tag-teatro"],"aioseo_notices":[],"_links":{"self":[{"href":"https:\/\/barracaocultural.com.br\/index.php?rest_route=\/wp\/v2\/posts\/76"}],"collection":[{"href":"https:\/\/barracaocultural.com.br\/index.php?rest_route=\/wp\/v2\/posts"}],"about":[{"href":"https:\/\/barracaocultural.com.br\/index.php?rest_route=\/wp\/v2\/types\/post"}],"author":[{"embeddable":true,"href":"https:\/\/barracaocultural.com.br\/index.php?rest_route=\/wp\/v2\/users\/1"}],"replies":[{"embeddable":true,"href":"https:\/\/barracaocultural.com.br\/index.php?rest_route=%2Fwp%2Fv2%2Fcomments&post=76"}],"version-history":[{"count":11,"href":"https:\/\/barracaocultural.com.br\/index.php?rest_route=\/wp\/v2\/posts\/76\/revisions"}],"predecessor-version":[{"id":1219,"href":"https:\/\/barracaocultural.com.br\/index.php?rest_route=\/wp\/v2\/posts\/76\/revisions\/1219"}],"wp:attachment":[{"href":"https:\/\/barracaocultural.com.br\/index.php?rest_route=%2Fwp%2Fv2%2Fmedia&parent=76"}],"wp:term":[{"taxonomy":"category","embeddable":true,"href":"https:\/\/barracaocultural.com.br\/index.php?rest_route=%2Fwp%2Fv2%2Fcategories&post=76"},{"taxonomy":"post_tag","embeddable":true,"href":"https:\/\/barracaocultural.com.br\/index.php?rest_route=%2Fwp%2Fv2%2Ftags&post=76"}],"curies":[{"name":"wp","href":"https:\/\/api.w.org\/{rel}","templated":true}]}}