{"id":92,"date":"2009-12-24T02:51:22","date_gmt":"2009-12-24T05:51:22","guid":{"rendered":"http:\/\/barracaocultural.com.br\/?p=92"},"modified":"2023-05-04T14:15:44","modified_gmt":"2023-05-04T14:15:44","slug":"92","status":"publish","type":"post","link":"https:\/\/barracaocultural.com.br\/?p=92","title":{"rendered":"Participa\u00e7\u00f5es em Mostras e Festivais"},"content":{"rendered":"<p>A Barrac\u00e3o participou de importantes\u00a0festivais, mostras nacionais e projetos, como:<\/p>\n<p>#CircuitoCulturalPaulista\u00a0APAA, FESTIVALE, FENTEPP, Circuito SESC de Artes, Virada Cultural Paulista, Pr\u00eamio Z\u00e9 Renato, PROAC Montagem, Projeto S\u00e3o Paulo de incentivo ao Teatro Infantil e Jovem- A\u00e7\u00e3o Leva ao Teatro, Circuito Municipal de Cultural, SESI Viagens,\u00a0 Extrema Mostra de Teatro, FILO, Mostra Teatral do Projeto Arte na Comunidade\u00a0 \u2013 Guaruj\u00e1, PROAC Circula\u00e7\u00e3o, Festival de Teatro de Curitiba, Virada Cultural de S\u00e3o Paulo, VAC \u2013 Ver\u00e3o Arte Contempor\u00e2nea\/B.H, Mostra Viagem Teatral Sesi, Espet\u00e1culo convidado do FESTLIP \u2013 Festival de Teatro da L\u00edngua Portuguesa- R\/J, Festival Internacional de Teatro de Curitiba, 5\u00aa Mostra de Refer\u00eancias Teatrais de Suzano, entre outros.<\/p>\n","protected":false},"excerpt":{"rendered":"<p>A Barrac\u00e3o participou de importantes\u00a0festivais, mostras nacionais e projetos, como: #CircuitoCulturalPaulista\u00a0APAA, FESTIVALE, FENTEPP, Circuito SESC de Artes, Virada Cultural Paulista, Pr\u00eamio Z\u00e9 Renato, PROAC Montagem, Projeto S\u00e3o Paulo de incentivo ao Teatro Infantil e Jovem- A\u00e7\u00e3o Leva ao Teatro, Circuito Municipal de Cultural, SESI Viagens,\u00a0 Extrema Mostra de Teatro, FILO, Mostra Teatral do Projeto Arte [&hellip;]<\/p>\n","protected":false},"author":1,"featured_media":0,"comment_status":"open","ping_status":"open","sticky":false,"template":"","format":"standard","meta":{"footnotes":""},"categories":[1],"tags":[],"class_list":["post-92","post","type-post","status-publish","format-standard","hentry","category-sem-categoria"],"aioseo_notices":[],"_links":{"self":[{"href":"https:\/\/barracaocultural.com.br\/index.php?rest_route=\/wp\/v2\/posts\/92"}],"collection":[{"href":"https:\/\/barracaocultural.com.br\/index.php?rest_route=\/wp\/v2\/posts"}],"about":[{"href":"https:\/\/barracaocultural.com.br\/index.php?rest_route=\/wp\/v2\/types\/post"}],"author":[{"embeddable":true,"href":"https:\/\/barracaocultural.com.br\/index.php?rest_route=\/wp\/v2\/users\/1"}],"replies":[{"embeddable":true,"href":"https:\/\/barracaocultural.com.br\/index.php?rest_route=%2Fwp%2Fv2%2Fcomments&post=92"}],"version-history":[{"count":10,"href":"https:\/\/barracaocultural.com.br\/index.php?rest_route=\/wp\/v2\/posts\/92\/revisions"}],"predecessor-version":[{"id":2228,"href":"https:\/\/barracaocultural.com.br\/index.php?rest_route=\/wp\/v2\/posts\/92\/revisions\/2228"}],"wp:attachment":[{"href":"https:\/\/barracaocultural.com.br\/index.php?rest_route=%2Fwp%2Fv2%2Fmedia&parent=92"}],"wp:term":[{"taxonomy":"category","embeddable":true,"href":"https:\/\/barracaocultural.com.br\/index.php?rest_route=%2Fwp%2Fv2%2Fcategories&post=92"},{"taxonomy":"post_tag","embeddable":true,"href":"https:\/\/barracaocultural.com.br\/index.php?rest_route=%2Fwp%2Fv2%2Ftags&post=92"}],"curies":[{"name":"wp","href":"https:\/\/api.w.org\/{rel}","templated":true}]}}