{"id":98,"date":"2009-12-24T02:54:52","date_gmt":"2009-12-24T05:54:52","guid":{"rendered":"http:\/\/barracaocultural.com.br\/?p=98"},"modified":"2023-05-04T14:27:37","modified_gmt":"2023-05-04T14:27:37","slug":"premios-e-indicacoes","status":"publish","type":"post","link":"https:\/\/barracaocultural.com.br\/?p=98","title":{"rendered":"Pr\u00eamios e Indica\u00e7\u00f5es"},"content":{"rendered":"<p><strong>. Jogo de imaginar <\/strong><\/p>\n<p>Pr\u00eamio APCA 2023 Melhor Dire\u00e7\u00e3o<\/p>\n<p>Pr\u00eamio Pecinha \u00e9 a vovozinha 2023: Melhor Dire\u00e7\u00e3o, Melhor Trilha sonora e Melhor Ator<\/p>\n<p><strong>.ENTRE<\/strong><\/p>\n<p>Pr\u00eamio Shell de teatro de SP 2019 &#8211; \u00a0indicado na categoria Dramaturgia<\/p>\n<p>Pr\u00eamio APCA 2019 &#8211; indicado na categoria Dramaturgia<\/p>\n<p style=\"text-align: justify;\"><strong>.J\u00e1 Pra Cama!<\/strong><\/p>\n<p style=\"text-align: justify;\">Pr\u00eamio APCA 2015 \u2013 Melhor espet\u00e1culo infantil de texto original<\/p>\n<p style=\"text-align: justify;\">Premio S\u00e3o Paulo de Incentivo ao Teatro 2016 &#8211; Trilha Musical Original<\/p>\n<p style=\"text-align: justify;\"><strong>.A Condessa e o Bandoleiro<\/strong><\/p>\n<p style=\"text-align: justify;\">Pr\u00eamio S\u00e3o Paulo de Teatro &#8211; Melhor Espet\u00e1culo Jovem e indicado como Melhor Atriz<\/p>\n<p style=\"text-align: justify;\"><strong>.Facas nas Galinhas<\/strong><\/p>\n<p style=\"text-align: justify;\">Indicado em 03 categorias ao Pr\u00eamio Shell de teatro de SP (dire\u00e7\u00e3o, cen\u00e1rio e trilha sonora). Indicado ao Pr\u00eamio Cooperativa Paulista de Teatro &#8211; Melhor Dire\u00e7\u00e3o.<\/p>\n<p style=\"text-align: justify;\"><strong>.O Tribunal de Salom\u00e3o e o Julgamento das meias-verdades inteiras.<\/strong><\/p>\n<p style=\"text-align: justify;\">Pr\u00eamio Femsa \u2013 Melhor Produ\u00e7\u00e3o 2011. Indicado em 10 categorias \u2013 Pr\u00eamio Femsa\/1\u00ba. Semestre de 2011<\/p>\n<p style=\"text-align: justify;\">Indicado ao Pr\u00eamio Cooperativa Paulista de Teatro \u2013 Melhor espet\u00e1culo para p\u00fablico infanto juvenil.<\/p>\n<p style=\"text-align: justify;\"><strong>.Um Destino para Julieta e Romeu<\/strong><\/p>\n<p style=\"text-align: justify;\">Indicado para 3 pr\u00eamios Coca Cola Femsa 2005.<\/p>\n<p style=\"text-align: justify;\">Ganhador do Pr\u00eamio Revela\u00e7\u00e3o para Marina Reis pela cria\u00e7\u00e3o dos figurinos.<\/p>\n<p style=\"text-align: justify;\"><strong>.Caixa M\u00e1gica<\/strong><\/p>\n<p style=\"text-align: justify;\">Indicado para 8 categorias do Pr\u00eamio Coca Cola Femsa 2004, incluindo Melhor Produ\u00e7\u00e3o.\u00a0 Ganhador das categorias melhor dire\u00e7\u00e3o e melhor ator.<\/p>\n<p style=\"text-align: justify;\"><strong>.As Roupas do Rei<\/strong><\/p>\n<p style=\"text-align: justify;\">Pr\u00eamio APCA 2002 \u2013 melhor espet\u00e1culo.<\/p>\n","protected":false},"excerpt":{"rendered":"<p>. Jogo de imaginar Pr\u00eamio APCA 2023 Melhor Dire\u00e7\u00e3o Pr\u00eamio Pecinha \u00e9 a vovozinha 2023: Melhor Dire\u00e7\u00e3o, Melhor Trilha sonora e Melhor Ator .ENTRE Pr\u00eamio Shell de teatro de SP 2019 &#8211; \u00a0indicado na categoria Dramaturgia Pr\u00eamio APCA 2019 &#8211; indicado na categoria Dramaturgia .J\u00e1 Pra Cama! Pr\u00eamio APCA 2015 \u2013 Melhor espet\u00e1culo infantil de [&hellip;]<\/p>\n","protected":false},"author":1,"featured_media":0,"comment_status":"open","ping_status":"open","sticky":false,"template":"","format":"standard","meta":{"footnotes":""},"categories":[1],"tags":[],"class_list":["post-98","post","type-post","status-publish","format-standard","hentry","category-sem-categoria"],"aioseo_notices":[],"_links":{"self":[{"href":"https:\/\/barracaocultural.com.br\/index.php?rest_route=\/wp\/v2\/posts\/98"}],"collection":[{"href":"https:\/\/barracaocultural.com.br\/index.php?rest_route=\/wp\/v2\/posts"}],"about":[{"href":"https:\/\/barracaocultural.com.br\/index.php?rest_route=\/wp\/v2\/types\/post"}],"author":[{"embeddable":true,"href":"https:\/\/barracaocultural.com.br\/index.php?rest_route=\/wp\/v2\/users\/1"}],"replies":[{"embeddable":true,"href":"https:\/\/barracaocultural.com.br\/index.php?rest_route=%2Fwp%2Fv2%2Fcomments&post=98"}],"version-history":[{"count":8,"href":"https:\/\/barracaocultural.com.br\/index.php?rest_route=\/wp\/v2\/posts\/98\/revisions"}],"predecessor-version":[{"id":2230,"href":"https:\/\/barracaocultural.com.br\/index.php?rest_route=\/wp\/v2\/posts\/98\/revisions\/2230"}],"wp:attachment":[{"href":"https:\/\/barracaocultural.com.br\/index.php?rest_route=%2Fwp%2Fv2%2Fmedia&parent=98"}],"wp:term":[{"taxonomy":"category","embeddable":true,"href":"https:\/\/barracaocultural.com.br\/index.php?rest_route=%2Fwp%2Fv2%2Fcategories&post=98"},{"taxonomy":"post_tag","embeddable":true,"href":"https:\/\/barracaocultural.com.br\/index.php?rest_route=%2Fwp%2Fv2%2Ftags&post=98"}],"curies":[{"name":"wp","href":"https:\/\/api.w.org\/{rel}","templated":true}]}}